{"id":4401,"date":"2026-04-14T11:35:30","date_gmt":"2026-04-14T11:35:30","guid":{"rendered":"https:\/\/somoscanayas.com\/?p=4401"},"modified":"2026-04-14T11:36:42","modified_gmt":"2026-04-14T11:36:42","slug":"chef-privado-en-mallorca-experiencia-canaya-by-chef-jarauta","status":"publish","type":"post","link":"https:\/\/somoscanayas.com\/en\/chef-privado-en-mallorca-experiencia-canaya-by-chef-jarauta\/","title":{"rendered":"Chef privado en Mallorca | Experiencia Canaya by Chef Jarauta"},"content":{"rendered":"<div data-elementor-type=\"wp-post\" data-elementor-id=\"4401\" class=\"elementor elementor-4401\">\n\t\t\t\t\t\t<section class=\"elementor-section elementor-top-section elementor-element elementor-element-5db25fb1 elementor-section-boxed elementor-section-height-default elementor-section-height-default\" data-id=\"5db25fb1\" data-element_type=\"section\" data-e-type=\"section\">\n\t\t\t\t\t\t<div class=\"elementor-container elementor-column-gap-default\">\n\t\t\t\t\t<div class=\"elementor-column elementor-col-100 elementor-top-column elementor-element elementor-element-14b67381\" data-id=\"14b67381\" data-element_type=\"column\" data-e-type=\"column\">\n\t\t\t<div class=\"elementor-widget-wrap elementor-element-populated\">\n\t\t\t\t\t\t<div class=\"elementor-element elementor-element-2edf389 elementor-widget elementor-widget-heading\" data-id=\"2edf389\" data-element_type=\"widget\" data-e-type=\"widget\" data-widget_type=\"heading.default\">\n\t\t\t\t<div class=\"elementor-widget-container\">\n\t\t\t\t\t<h1 class=\"elementor-heading-title elementor-size-default\">Chef privado en Mallorca | Experiencia \u00fanica Canaya by Chef Jarauta<\/h1>\t\t\t\t<\/div>\n\t\t\t\t<\/div>\n\t\t\t\t<div class=\"elementor-element elementor-element-2762f6db elementor-widget elementor-widget-text-editor\" data-id=\"2762f6db\" data-element_type=\"widget\" data-e-type=\"widget\" data-widget_type=\"text-editor.default\">\n\t\t\t\t<div class=\"elementor-widget-container\">\n\t\t\t\t\t\t\t\t\t\n<p class=\"wp-block-heading has-text-align-center has-ast-global-color-0-color has-text-color has-link-color wp-elements-660cbf4691b23f36e9bc6084437ffa3f\" style=\"text-align: left;\"><span style=\"color: #000000;\"><span style=\"font-size: 16px;\">Hay platos que se disfrutan en un restaurante\u2026 y luego est\u00e1n esas experiencias que solo tienen sentido en casa, con tus tiempos, tus silencios, tu m\u00fasica y tu gente. Ah\u00ed es donde entra mi trabajo como <\/span><strong style=\"font-size: 16px;\">chef privado en Mallorca<\/strong><span style=\"font-size: 16px;\"> y donde nace la experiencia Canaya by Chef Jarauta: una forma distinta de vivir la gastronom\u00eda, cocinada a fuego lento, sin prisas y pensada a medida para cada persona.<\/span><\/span><\/p>\n<p><span style=\"color: #000000;\"><\/span><\/p>\n<p><span style=\"color: #000000;\">Te hablo en primera persona porque no concibo este trabajo de otra manera. No soy solo \u201calguien que viene a cocinar\u201d, sino alguien que entra en tu cocina con respeto, transforma tu sal\u00f3n en un peque\u00f1o restaurante \u00edntimo y convierte una comida, un desayuno, una cena o un taller en un recuerdo que se queda contigo\u2026 igual que el sabor de un buen guiso.<\/span><\/p>\n<p><span style=\"color: #000000;\"><\/span><\/p>\n<p><span style=\"color: #000000;\">En este art\u00edculo quiero contarte c\u00f3mo es realmente la experiencia de contar con un <strong>chef privado en Mallorca<\/strong>, qu\u00e9 servicios ofrezco, c\u00f3mo son los talleres y cursos de cocina que impartimos, y por qu\u00e9 todo est\u00e1 hilado por una misma idea: disfrutar del producto, del proceso y del momento, como si cada encuentro fuese un men\u00fa degustaci\u00f3n \u00fanico.<\/span><\/p>\n<p><span style=\"color: #000000;\"><\/span><\/p>\n<hr class=\"wp-block-separator has-text-color has-ast-global-color-0-color has-alpha-channel-opacity has-ast-global-color-0-background-color has-background\" \/>\n<p><span style=\"color: #000000;\"><\/span><\/p>\n<h2 class=\"wp-block-heading has-text-align-center\"><span style=\"color: #000000;\">Ser chef privado en Mallorca: mucho m\u00e1s que cocinar<\/span><\/h2>\n<p><span style=\"color: #000000;\"><\/span><\/p>\n<figure class=\"wp-block-image alignleft size-large is-resized\"><span style=\"color: #000000;\"><img fetchpriority=\"high\" decoding=\"async\" width=\"768\" height=\"1024\" class=\"wp-image-3490\" style=\"width: 387px; height: auto;\" src=\"https:\/\/somoscanayas.com\/wp-content\/uploads\/2024\/10\/Chef-emplatando-pescado-768x1024.jpg\" alt=\" chef privado en Mallorca\" srcset=\"https:\/\/somoscanayas.com\/wp-content\/uploads\/2024\/10\/Chef-emplatando-pescado-768x1024.jpg 768w, https:\/\/somoscanayas.com\/wp-content\/uploads\/2024\/10\/Chef-emplatando-pescado-scaled-600x800.jpg 600w, https:\/\/somoscanayas.com\/wp-content\/uploads\/2024\/10\/Chef-emplatando-pescado-225x300.jpg 225w, https:\/\/somoscanayas.com\/wp-content\/uploads\/2024\/10\/Chef-emplatando-pescado-1152x1536.jpg 1152w, https:\/\/somoscanayas.com\/wp-content\/uploads\/2024\/10\/Chef-emplatando-pescado-1536x2048.jpg 1536w, https:\/\/somoscanayas.com\/wp-content\/uploads\/2024\/10\/Chef-emplatando-pescado-9x12.jpg 9w, https:\/\/somoscanayas.com\/wp-content\/uploads\/2024\/10\/Chef-emplatando-pescado-scaled.jpg 1920w\" sizes=\"(max-width: 768px) 100vw, 768px\" \/><\/span><\/figure>\n<p><span style=\"color: #000000;\"><\/span><\/p>\n<p><span style=\"color: #000000;\">Cuando empec\u00e9 a cocinar profesionalmente, lo hice en cocinas de restaurante: ruido, comandas, fuegos encendidos a la vez, presi\u00f3n. Ah\u00ed aprend\u00ed la t\u00e9cnica, el respeto por el producto, la importancia de los tiempos. Pero sent\u00eda que faltaba algo: ver de cerca a las personas que disfrutaban del plato, escuchar sus comentarios, adaptar cada experiencia a cada mesa.<\/span><\/p>\n<p><span style=\"color: #000000;\"><\/span><\/p>\n<p><span style=\"color: #000000;\">Convertirme en <strong>chef privado en Mallorca<\/strong> fue mi forma de darle la vuelta a todo eso. De repente, en lugar de cocinar para decenas de mesas an\u00f3nimas, cocino para una familia, una pareja, un grupo de amigos o un equipo peque\u00f1o. Puedo saber qu\u00e9 les gusta, qu\u00e9 les emociona, qu\u00e9 plato les recuerda a su infancia o qu\u00e9 sabor quieren descubrir. Y puedo usar todo lo aprendido en alta cocina para llevarlo a un contexto mucho m\u00e1s humano y cercano.<\/span><\/p>\n<p><span style=\"color: #000000;\"><\/span><\/p>\n<p><span style=\"color: #000000;\">Mallorca, adem\u00e1s, es el escenario perfecto. Vivir y cocinar aqu\u00ed significa tener una despensa incre\u00edble al alcance de la mano: verduras de huerta, frutas con sabor de verdad, pescados reci\u00e9n llegados, carnes de proximidad, aceites, panes, quesos\u2026 Cada servicio que hago como chef privado est\u00e1 atravesado por esa conexi\u00f3n con la isla. No concibo un men\u00fa que no tenga, aunque sea en un peque\u00f1o gesto, un gui\u00f1o al territorio.<\/span><\/p>\n<p><span style=\"color: #000000;\"><\/span><\/p>\n<hr class=\"wp-block-separator has-text-color has-ast-global-color-0-color has-alpha-channel-opacity has-ast-global-color-0-background-color has-background is-style-wide\" \/>\n<p><span style=\"color: #000000;\"><\/span><\/p>\n<h2 class=\"wp-block-heading has-text-align-center\"><span style=\"color: #000000;\">La experiencia Canaya by Chef Jarauta en tu casa<\/span><\/h2>\n<p><span style=\"color: #000000;\"><\/span><\/p>\n<figure class=\"wp-block-image alignleft size-large is-resized\"><span style=\"color: #000000;\"><img decoding=\"async\" width=\"849\" height=\"1024\" class=\"wp-image-2955\" style=\"width: 320px; height: auto;\" src=\"https:\/\/somoscanayas.com\/wp-content\/uploads\/2023\/11\/chef-y-camareros-en-un-servicio-849x1024.jpeg\" alt=\" chef privado en Mallorca\" srcset=\"https:\/\/somoscanayas.com\/wp-content\/uploads\/2023\/11\/chef-y-camareros-en-un-servicio-849x1024.jpeg 849w, https:\/\/somoscanayas.com\/wp-content\/uploads\/2023\/11\/chef-y-camareros-en-un-servicio-scaled-600x724.jpeg 600w, https:\/\/somoscanayas.com\/wp-content\/uploads\/2023\/11\/chef-y-camareros-en-un-servicio-249x300.jpeg 249w, https:\/\/somoscanayas.com\/wp-content\/uploads\/2023\/11\/chef-y-camareros-en-un-servicio-768x926.jpeg 768w, https:\/\/somoscanayas.com\/wp-content\/uploads\/2023\/11\/chef-y-camareros-en-un-servicio-1273x1536.jpeg 1273w, https:\/\/somoscanayas.com\/wp-content\/uploads\/2023\/11\/chef-y-camareros-en-un-servicio-1698x2048.jpeg 1698w\" sizes=\"(max-width: 849px) 100vw, 849px\" \/><\/span><\/figure>\n<p><span style=\"color: #000000;\"><\/span><\/p>\n<p><span style=\"color: #000000;\">Ser <strong>chef privado en Mallorca<\/strong> para m\u00ed es como montar un peque\u00f1o restaurante ef\u00edmero dentro de tu hogar. Durante unas horas, tu cocina se convierte en mi cocina, tu comedor en mi sala y tu mesa en la \u201cmesa n\u00famero uno\u201d del d\u00eda.<\/span><\/p>\n<p><span style=\"color: #000000;\"><\/span><\/p>\n<div data-block-name=\"woocommerce\/accordion-group\" data-wp-context=\"{&quot;autoclose&quot;:false,&quot;isOpen&quot;:[]}\" data-wp-interactive=\"woocommerce\/accordion\" class=\"wp-block-woocommerce-accordion-group is-layout-flow wp-block-accordion-group-is-layout-flow\"><span style=\"color: #000000;\"><\/span>\n<div data-block-name=\"woocommerce\/accordion-item\" data-wp-class--is-open=\"state.isOpen\" data-wp-context=\"{&quot;id&quot;:&quot;woocommerce-accordion-item-8&quot;,&quot;openByDefault&quot;:false}\" data-wp-init=\"callbacks.initIsOpen\" class=\"wp-block-woocommerce-accordion-item is-layout-flow wp-block-accordion-item-is-layout-flow\"><span style=\"color: #000000;\"><\/span>\n<h3 data-block-name=\"woocommerce\/accordion-header\" data-icon=\"chevron\" data-level=\"4\" data-style=\"{&quot;elements&quot;:{&quot;link&quot;:{&quot;color&quot;:{&quot;text&quot;:&quot;var:preset|color|ast-global-color-0&quot;}}}}\" data-text-color=\"ast-global-color-0\" class=\"wp-block-woocommerce-accordion-header has-ast-global-color-0-color has-text-color has-link-color accordion-item__heading wp-elements-e0f51e176e4e4d9d83405bbe81ad302f is-layout-flow wp-block-accordion-header-is-layout-flow\"><span style=\"color: #000000;\"><button aria-controls=\"woocommerce-accordion-item-8-panel\" data-wp-bind--aria-expanded=\"state.isOpen\" data-wp-on--click=\"actions.toggle\" id=\"woocommerce-accordion-item-8\" class=\"accordion-item__toggle\"><em>Comidas y cenas privadas: tu casa como mejor restaurante<\/em><\/button><\/span><\/h3>\n<span style=\"color: #000000;\"><\/span>\n<div aria-labelledby=\"woocommerce-accordion-item-8\" data-wp-bind--inert=\"!state.isOpen\" id=\"woocommerce-accordion-item-8-panel\" role=\"region\" data-block-name=\"woocommerce\/accordion-panel\" class=\"wp-block-woocommerce-accordion-panel\">\n<div class=\"accordion-content__wrapper is-layout-flow wp-block-accordion-panel-is-layout-flow\"><span style=\"color: #000000;\"><\/span>\n<p><span style=\"color: #000000;\">Una de las partes m\u00e1s bonitas de mi trabajo <a style=\"color: #000000;\" href=\"https:\/\/somoscanayas.com\/en\/comidas-y-cenas-en-mallorca\/?v=073cc70932ad\" target=\"_blank\" rel=\"noreferrer noopener\">es dise\u00f1ar <strong>comidas y cenas privadas<\/strong><\/a>. A veces son encuentros familiares, otras celebraciones \u00edntimas, aniversarios, cumplea\u00f1os o simplemente el capricho de tener una experiencia distinta sin salir de casa.<\/span><\/p>\n<span style=\"color: #000000;\"><\/span>\n<p><span style=\"color: #000000;\">Llego con tiempo, reviso la cocina, organizo mi mise en place y empiezo a cocinar. Mientras vosotros habl\u00e1is, pon\u00e9is la mesa, eleg\u00eds la m\u00fasica o recib\u00eds a los invitados, yo voy construyendo el men\u00fa capa a capa: fondos que se cuecen despacio, salsas que reducen al ritmo de la conversaci\u00f3n, carnes que se doran como si cogieran color de atardecer mallorqu\u00edn, pescados que apenas necesitan un punto de calor para lucirse.<\/span><\/p>\n<span style=\"color: #000000;\"><\/span>\n<p><span style=\"color: #000000;\">La experiencia no es solo lo que hay en el plato, sino el ambiente que se crea. Todo est\u00e1 pensado para que, durante unas horas, sint\u00e1is que el mejor restaurante de la isla estaba\u2026 en vuestra propia casa.<\/span><\/p>\n<span style=\"color: #000000;\"><\/span><\/div>\n<\/div>\n<span style=\"color: #000000;\"><\/span><\/div>\n<span style=\"color: #000000;\"><\/span>\n<div data-block-name=\"woocommerce\/accordion-item\" data-wp-class--is-open=\"state.isOpen\" data-wp-context=\"{&quot;id&quot;:&quot;woocommerce-accordion-item-9&quot;,&quot;openByDefault&quot;:false}\" data-wp-init=\"callbacks.initIsOpen\" class=\"wp-block-woocommerce-accordion-item is-layout-flow wp-block-accordion-item-is-layout-flow\"><span style=\"color: #000000;\"><\/span>\n<h3 data-block-name=\"woocommerce\/accordion-header\" data-icon=\"chevron\" data-level=\"4\" data-style=\"{&quot;elements&quot;:{&quot;link&quot;:{&quot;color&quot;:{&quot;text&quot;:&quot;var:preset|color|ast-global-color-0&quot;}}}}\" data-text-color=\"ast-global-color-0\" class=\"wp-block-woocommerce-accordion-header has-ast-global-color-0-color has-text-color has-link-color accordion-item__heading wp-elements-62b75e5dd75471264c3312a3e7756501 is-layout-flow wp-block-accordion-header-is-layout-flow\"><span style=\"color: #000000;\"><button aria-controls=\"woocommerce-accordion-item-9-panel\" data-wp-bind--aria-expanded=\"state.isOpen\" data-wp-on--click=\"actions.toggle\" id=\"woocommerce-accordion-item-9\" class=\"accordion-item__toggle\"><em>Desayunos y brunchs gourmet: empezar el d\u00eda con buen sabor<\/em><\/button><\/span><\/h3>\n<span style=\"color: #000000;\"><\/span>\n<div aria-labelledby=\"woocommerce-accordion-item-9\" data-wp-bind--inert=\"!state.isOpen\" id=\"woocommerce-accordion-item-9-panel\" role=\"region\" data-block-name=\"woocommerce\/accordion-panel\" class=\"wp-block-woocommerce-accordion-panel\">\n<div class=\"accordion-content__wrapper is-layout-flow wp-block-accordion-panel-is-layout-flow\"><span style=\"color: #000000;\"><\/span>\n<p><span style=\"color: #000000;\">Con el tiempo, <a style=\"color: #000000;\" href=\"https:\/\/somoscanayas.com\/en\/desayunos-y-brunchs\/?v=073cc70932ad\" target=\"_blank\" rel=\"noreferrer noopener\">los <strong>desayunos y brunchs a domicilio<\/strong><\/a> se han convertido en una de las experiencias m\u00e1s especiales. Como chef privado, me encanta entrar en una casa cuando el d\u00eda apenas est\u00e1 despertando y convertir la ma\u00f1ana en un peque\u00f1o festival de caf\u00e9, tostadas crujientes, huevos al punto, yogures con granola casera, fruta colorida y peque\u00f1os caprichos dulces.<\/span><\/p>\n<span style=\"color: #000000;\"><\/span>\n<p><span style=\"color: #000000;\"><a style=\"color: #000000;\" href=\"https:\/\/www.elconfidencial.com\/bienestar\/2025-02-09\/beneficios-corazon-desayuno-saludable-estudio-espanol_4060324\/\" target=\"_blank\" rel=\"noreferrer noopener\">Los <strong>desayunos<\/strong><\/a><strong> a domicilio en Mallorca<\/strong> que preparo siempre buscan equilibrio: energ\u00eda, placer y calma. Que cada sorbo de caf\u00e9 te vaya devolviendo al mundo poco a poco, que cada bocado te recuerde que ese d\u00eda merece ser celebrado, aunque sea con un gesto tan sencillo como sentarte a la mesa sin prisas.<\/span><\/p>\n<span style=\"color: #000000;\"><\/span>\n<p><span style=\"color: #000000;\">Es ideal para sorpresas rom\u00e1nticas, fines de semana especiales, peque\u00f1os grupos de amigos o incluso desayunos corporativos donde la creatividad empieza en el plato.<\/span><\/p>\n<span style=\"color: #000000;\"><\/span><\/div>\n<\/div>\n<span style=\"color: #000000;\"><\/span><\/div>\n<span style=\"color: #000000;\"><\/span>\n<div data-block-name=\"woocommerce\/accordion-item\" data-wp-class--is-open=\"state.isOpen\" data-wp-context=\"{&quot;id&quot;:&quot;woocommerce-accordion-item-10&quot;,&quot;openByDefault&quot;:false}\" data-wp-init=\"callbacks.initIsOpen\" class=\"wp-block-woocommerce-accordion-item is-layout-flow wp-block-accordion-item-is-layout-flow\"><span style=\"color: #000000;\"><\/span>\n<h3 data-block-name=\"woocommerce\/accordion-header\" data-icon=\"chevron\" data-level=\"4\" data-style=\"{&quot;elements&quot;:{&quot;link&quot;:{&quot;color&quot;:{&quot;text&quot;:&quot;var:preset|color|ast-global-color-0&quot;}}}}\" data-text-color=\"ast-global-color-0\" class=\"wp-block-woocommerce-accordion-header has-ast-global-color-0-color has-text-color has-link-color accordion-item__heading wp-elements-b6fa2108af93ccbcc824095ccc727516 is-layout-flow wp-block-accordion-header-is-layout-flow\"><span style=\"color: #000000;\"><button aria-controls=\"woocommerce-accordion-item-10-panel\" data-wp-bind--aria-expanded=\"state.isOpen\" data-wp-on--click=\"actions.toggle\" id=\"woocommerce-accordion-item-10\" class=\"accordion-item__toggle\"><em>Eventos especiales y comidas a domicilio<\/em><\/button><\/span><\/h3>\n<span style=\"color: #000000;\"><\/span>\n<div aria-labelledby=\"woocommerce-accordion-item-10\" data-wp-bind--inert=\"!state.isOpen\" id=\"woocommerce-accordion-item-10-panel\" role=\"region\" data-block-name=\"woocommerce\/accordion-panel\" class=\"wp-block-woocommerce-accordion-panel\">\n<div class=\"accordion-content__wrapper is-layout-flow wp-block-accordion-panel-is-layout-flow\"><span style=\"color: #000000;\"><\/span>\n<p><span style=\"color: #000000;\">Tambi\u00e9n trabajo <strong>comida a domicilio en Palma de Mallorca<\/strong> para eventos concretos: reuniones de empresa, peque\u00f1as celebraciones, retiros, encuentros de equipo. En esos casos el reto es mezclar practicidad y experiencia, para que la cocina acompa\u00f1e el objetivo del evento sin robarle protagonismo\u2026 pero dejando huella.<\/span><\/p>\n<span style=\"color: #000000;\"><\/span>\n<p><span style=\"color: #000000;\">En todos estos servicios, la idea es la misma: que el hecho de tener un <strong>chef privado en Mallorca<\/strong> no sea solo un lujo, sino una forma de disfrutar de tu casa y de tu tiempo de una manera diferente.<\/span><\/p>\n<span style=\"color: #000000;\"><\/span><\/div>\n<\/div>\n<span style=\"color: #000000;\"><\/span><\/div>\n<span style=\"color: #000000;\"><\/span><\/div>\n<p><span style=\"color: #000000;\"><\/span><\/p>\n<div class=\"wp-block-spacer\" style=\"height: 36px;\" aria-hidden=\"true\">\u00a0<\/div>\n<p><span style=\"color: #000000;\"><\/span><\/p>\n<hr class=\"wp-block-separator has-text-color has-ast-global-color-0-color has-alpha-channel-opacity has-ast-global-color-0-background-color has-background is-style-dots\" \/>\n<p><span style=\"color: #000000;\"><\/span><\/p>\n<h2 class=\"wp-block-heading has-text-align-center\"><span style=\"color: #000000;\">Talleres y cursos de cocina: cuando te apetece entrar t\u00fa tambi\u00e9n en la cocina<\/span><\/h2>\n<p><span style=\"color: #000000;\"><\/span><\/p>\n<figure class=\"wp-block-image alignleft size-full is-resized\"><span style=\"color: #000000;\"><img decoding=\"async\" width=\"1000\" height=\"1000\" class=\"wp-image-2413\" style=\"width: 330px; height: auto;\" src=\"https:\/\/somoscanayas.com\/wp-content\/uploads\/2023\/11\/Somelier-en-Mallorca.jpg\" alt=\" chef privado en Mallorca\" srcset=\"https:\/\/somoscanayas.com\/wp-content\/uploads\/2023\/11\/Somelier-en-Mallorca.jpg 1000w, https:\/\/somoscanayas.com\/wp-content\/uploads\/2023\/11\/Somelier-en-Mallorca-600x600.jpg 600w, https:\/\/somoscanayas.com\/wp-content\/uploads\/2023\/11\/Somelier-en-Mallorca-100x100.jpg 100w, https:\/\/somoscanayas.com\/wp-content\/uploads\/2023\/11\/Somelier-en-Mallorca-300x300.jpg 300w, https:\/\/somoscanayas.com\/wp-content\/uploads\/2023\/11\/Somelier-en-Mallorca-150x150.jpg 150w, https:\/\/somoscanayas.com\/wp-content\/uploads\/2023\/11\/Somelier-en-Mallorca-768x768.jpg 768w\" sizes=\"(max-width: 1000px) 100vw, 1000px\" \/><\/span><\/figure>\n<p><span style=\"color: #000000;\"><\/span><\/p>\n<p><span style=\"color: #000000;\">Adem\u00e1s de cocinar para ti, como <strong>chef privado en Mallorca<\/strong> me encanta ense\u00f1ar lo que s\u00e9. De ah\u00ed nacen los talleres y cursos de cocina que ofrecemos: experiencias donde t\u00fa tambi\u00e9n te pones el delantal y pasas al otro lado de la cocina.<\/span><\/p>\n<p><span style=\"color: #000000;\"><\/span><\/p>\n<div data-block-name=\"woocommerce\/accordion-group\" data-wp-context=\"{&quot;autoclose&quot;:false,&quot;isOpen&quot;:[]}\" data-wp-interactive=\"woocommerce\/accordion\" class=\"wp-block-woocommerce-accordion-group is-layout-flow wp-block-accordion-group-is-layout-flow\"><span style=\"color: #000000;\"><\/span>\n<div data-block-name=\"woocommerce\/accordion-item\" data-wp-class--is-open=\"state.isOpen\" data-wp-context=\"{&quot;id&quot;:&quot;woocommerce-accordion-item-11&quot;,&quot;openByDefault&quot;:false}\" data-wp-init=\"callbacks.initIsOpen\" class=\"wp-block-woocommerce-accordion-item is-layout-flow wp-block-accordion-item-is-layout-flow\"><span style=\"color: #000000;\"><\/span>\n<h3 data-block-name=\"woocommerce\/accordion-header\" data-icon=\"caret\" data-level=\"4\" data-style=\"{&quot;elements&quot;:{&quot;link&quot;:{&quot;color&quot;:{&quot;text&quot;:&quot;var:preset|color|ast-global-color-0&quot;}}}}\" data-text-color=\"ast-global-color-0\" class=\"wp-block-woocommerce-accordion-header has-ast-global-color-0-color has-text-color has-link-color accordion-item__heading wp-elements-396bdc244eab57b43c56c9dfeca7d45e is-layout-flow wp-block-accordion-header-is-layout-flow\"><span style=\"color: #000000;\"><button aria-controls=\"woocommerce-accordion-item-11-panel\" data-wp-bind--aria-expanded=\"state.isOpen\" data-wp-on--click=\"actions.toggle\" id=\"woocommerce-accordion-item-11\" class=\"accordion-item__toggle\"><em>Taller de pastas frescas y salsas: amasar, sentir, crear<\/em><\/button><\/span><\/h3>\n<span style=\"color: #000000;\"><\/span>\n<div aria-labelledby=\"woocommerce-accordion-item-11\" data-wp-bind--inert=\"!state.isOpen\" id=\"woocommerce-accordion-item-11-panel\" role=\"region\" data-block-name=\"woocommerce\/accordion-panel\" class=\"wp-block-woocommerce-accordion-panel\">\n<div class=\"accordion-content__wrapper is-layout-flow wp-block-accordion-panel-is-layout-flow\"><span style=\"color: #000000;\"><\/span>\n<p><span style=\"color: #000000;\">Hay algo casi terap\u00e9utico en trabajar harina y huevo con las manos hasta que se convierten en una masa suave, el\u00e1stica, viva. En el <strong>taller de pastas frescas y salsas<\/strong> empezamos desde cero y acabamos con platos que podr\u00edas encontrar en un buen restaurante\u2026 pero hechos por ti.<\/span><\/p>\n<span style=\"color: #000000;\"><\/span>\n<p><span style=\"color: #000000;\">Te ense\u00f1o a amasar, a estirar, a cortar diferentes formatos de pasta y, por supuesto, a preparar salsas que la acompa\u00f1en: desde un tomate hecho a fuego lento hasta una crema suave o una mantequilla aromatizada. Como chef privado, disfruto especialmente viendo la cara de sorpresa cuando pruebas tu propia pasta fresca y te das cuenta de que era menos \u201cdif\u00edcil\u201d de lo que parec\u00eda.<\/span><\/p>\n<span style=\"color: #000000;\"><\/span><\/div>\n<\/div>\n<span style=\"color: #000000;\"><\/span><\/div>\n<span style=\"color: #000000;\"><\/span>\n<div data-block-name=\"woocommerce\/accordion-item\" data-wp-class--is-open=\"state.isOpen\" data-wp-context=\"{&quot;id&quot;:&quot;woocommerce-accordion-item-12&quot;,&quot;openByDefault&quot;:false}\" data-wp-init=\"callbacks.initIsOpen\" class=\"wp-block-woocommerce-accordion-item is-layout-flow wp-block-accordion-item-is-layout-flow\"><span style=\"color: #000000;\"><\/span>\n<h3 data-block-name=\"woocommerce\/accordion-header\" data-icon=\"caret\" data-level=\"4\" data-style=\"{&quot;elements&quot;:{&quot;link&quot;:{&quot;color&quot;:{&quot;text&quot;:&quot;var:preset|color|ast-global-color-0&quot;}}}}\" data-text-color=\"ast-global-color-0\" class=\"wp-block-woocommerce-accordion-header has-ast-global-color-0-color has-text-color has-link-color accordion-item__heading wp-elements-93117092335d1c8af645f965cbeb6c37 is-layout-flow wp-block-accordion-header-is-layout-flow\"><span style=\"color: #000000;\"><button aria-controls=\"woocommerce-accordion-item-12-panel\" data-wp-bind--aria-expanded=\"state.isOpen\" data-wp-on--click=\"actions.toggle\" id=\"woocommerce-accordion-item-12\" class=\"accordion-item__toggle\"><em>Curso de arroces: el respeto al punto perfecto<\/em><\/button><\/span><\/h3>\n<span style=\"color: #000000;\"><\/span>\n<div aria-labelledby=\"woocommerce-accordion-item-12\" data-wp-bind--inert=\"!state.isOpen\" id=\"woocommerce-accordion-item-12-panel\" role=\"region\" data-block-name=\"woocommerce\/accordion-panel\" class=\"wp-block-woocommerce-accordion-panel\">\n<div class=\"accordion-content__wrapper is-layout-flow wp-block-accordion-panel-is-layout-flow\"><span style=\"color: #000000;\"><\/span>\n<p><span style=\"color: #000000;\">El arroz es ese ingrediente que genera respeto, incluso miedo. Por eso cre\u00e9 el <strong>curso de arroces<\/strong>: para acompa\u00f1arte paso a paso y ense\u00f1arte que, si entiendes lo que pasa en la cazuela, el arroz deja de ser un enemigo y se convierte en un aliado.<\/span><\/p>\n<span style=\"color: #000000;\"><\/span>\n<p><span style=\"color: #000000;\">Hablamos de fondos, de sofritos, de tipos de arroces, de temperaturas y tiempos. Escuchamos al arroz como si fuera un comensal m\u00e1s: cu\u00e1ndo pide m\u00e1s caldo, cu\u00e1ndo quiere que bajes el fuego, cu\u00e1ndo est\u00e1 pidiendo socarrat y cu\u00e1ndo prefiere que lo dejes en paz. Es uno de los talleres m\u00e1s reveladores, porque lo que aprendes te sirve para toda una vida de comidas familiares y reuniones con amigos.<\/span><\/p>\n<span style=\"color: #000000;\"><\/span><\/div>\n<\/div>\n<span style=\"color: #000000;\"><\/span><\/div>\n<span style=\"color: #000000;\"><\/span><\/div>\n<p><span style=\"color: #000000;\"><\/span><\/p>\n<div data-block-name=\"woocommerce\/accordion-group\" data-wp-context=\"{&quot;autoclose&quot;:false,&quot;isOpen&quot;:[]}\" data-wp-interactive=\"woocommerce\/accordion\" class=\"wp-block-woocommerce-accordion-group is-layout-flow wp-block-accordion-group-is-layout-flow\"><span style=\"color: #000000;\"><\/span>\n<div data-block-name=\"woocommerce\/accordion-item\" data-wp-class--is-open=\"state.isOpen\" data-wp-context=\"{&quot;id&quot;:&quot;woocommerce-accordion-item-13&quot;,&quot;openByDefault&quot;:false}\" data-wp-init=\"callbacks.initIsOpen\" class=\"wp-block-woocommerce-accordion-item is-layout-flow wp-block-accordion-item-is-layout-flow\"><span style=\"color: #000000;\"><\/span>\n<h3 data-block-name=\"woocommerce\/accordion-header\" data-icon=\"caret\" data-level=\"4\" data-style=\"{&quot;elements&quot;:{&quot;link&quot;:{&quot;color&quot;:{&quot;text&quot;:&quot;var:preset|color|ast-global-color-0&quot;}}}}\" data-text-color=\"ast-global-color-0\" class=\"wp-block-woocommerce-accordion-header has-ast-global-color-0-color has-text-color has-link-color accordion-item__heading wp-elements-123a407d1124749be46cc6a06c8ef701 is-layout-flow wp-block-accordion-header-is-layout-flow\"><span style=\"color: #000000;\"><button aria-controls=\"woocommerce-accordion-item-13-panel\" data-wp-bind--aria-expanded=\"state.isOpen\" data-wp-on--click=\"actions.toggle\" id=\"woocommerce-accordion-item-13\" class=\"accordion-item__toggle\"><em>Curso de crudos: la desnudez del producto<\/em><\/button><\/span><\/h3>\n<span style=\"color: #000000;\"><\/span>\n<div aria-labelledby=\"woocommerce-accordion-item-13\" data-wp-bind--inert=\"!state.isOpen\" id=\"woocommerce-accordion-item-13-panel\" role=\"region\" data-block-name=\"woocommerce\/accordion-panel\" class=\"wp-block-woocommerce-accordion-panel\">\n<div class=\"accordion-content__wrapper is-layout-flow wp-block-accordion-panel-is-layout-flow\"><span style=\"color: #000000;\"><\/span>\n<p><span style=\"color: #000000;\">En el <strong>raw food course<\/strong> entramos en un terreno donde no hay fuego que \u201cmaquille\u201d: ceviches, tartares, carpaccios\u2026 Aqu\u00ed la t\u00e9cnica y el respeto al producto lo son todo. Trabajamos cortes, maceraciones, equilibrios entre \u00e1cidos, grasas y texturas.<\/span><\/p>\n<span style=\"color: #000000;\"><\/span>\n<p><span style=\"color: #000000;\">Como chef privado en Mallorca, me encanta este formato porque te ense\u00f1a a mirar el producto de otro modo: a entender cu\u00e1ndo un pescado est\u00e1 en su mejor momento, c\u00f3mo cortar una carne para que la textura sea perfecta, c\u00f3mo un toque c\u00edtrico o una hierba fresca pueden cambiarlo todo.<\/span><\/p>\n<span style=\"color: #000000;\"><\/span><\/div>\n<\/div>\n<span style=\"color: #000000;\"><\/span><\/div>\n<span style=\"color: #000000;\"><\/span>\n<div data-block-name=\"woocommerce\/accordion-item\" data-wp-class--is-open=\"state.isOpen\" data-wp-context=\"{&quot;id&quot;:&quot;woocommerce-accordion-item-14&quot;,&quot;openByDefault&quot;:false}\" data-wp-init=\"callbacks.initIsOpen\" class=\"wp-block-woocommerce-accordion-item is-layout-flow wp-block-accordion-item-is-layout-flow\"><span style=\"color: #000000;\"><\/span>\n<h3 data-block-name=\"woocommerce\/accordion-header\" data-icon=\"caret\" data-level=\"4\" data-style=\"{&quot;elements&quot;:{&quot;link&quot;:{&quot;color&quot;:{&quot;text&quot;:&quot;var:preset|color|ast-global-color-0&quot;}}}}\" data-text-color=\"ast-global-color-0\" class=\"wp-block-woocommerce-accordion-header has-ast-global-color-0-color has-text-color has-link-color accordion-item__heading wp-elements-bc85309f79c0350325b8fe3f38548b26 is-layout-flow wp-block-accordion-header-is-layout-flow\"><span style=\"color: #000000;\"><button aria-controls=\"woocommerce-accordion-item-14-panel\" data-wp-bind--aria-expanded=\"state.isOpen\" data-wp-on--click=\"actions.toggle\" id=\"woocommerce-accordion-item-14\" class=\"accordion-item__toggle\"><em>Talleres personalizados y experiencias a medida<\/em><\/button><\/span><\/h3>\n<span style=\"color: #000000;\"><\/span>\n<div aria-labelledby=\"woocommerce-accordion-item-14\" data-wp-bind--inert=\"!state.isOpen\" id=\"woocommerce-accordion-item-14-panel\" role=\"region\" data-block-name=\"woocommerce\/accordion-panel\" class=\"wp-block-woocommerce-accordion-panel\">\n<div class=\"accordion-content__wrapper is-layout-flow wp-block-accordion-panel-is-layout-flow\"><span style=\"color: #000000;\"><\/span>\n<p><span style=\"color: #000000;\">Adem\u00e1s de estos talleres, me gusta crear experiencias a medida: talleres para parejas, grupos de amigos, familias con ni\u00f1os que quieren cocinar juntos, equipos que usan la cocina como herramienta de team building. Cada taller es distinto, como cada grupo. Y como todo en la filosof\u00eda Canaya, la idea es la misma: aprender, disfrutar y sentarse a la mesa con algo que hayas creado t\u00fa.<\/span><\/p>\n<span style=\"color: #000000;\"><\/span><\/div>\n<\/div>\n<span style=\"color: #000000;\"><\/span><\/div>\n<span style=\"color: #000000;\"><\/span><\/div>\n<p><span style=\"color: #000000;\"><\/span><\/p>\n<div class=\"wp-block-spacer\" style=\"height: 30px;\" aria-hidden=\"true\">\u00a0<\/div>\n<p><span style=\"color: #000000;\"><\/span><\/p>\n<hr class=\"wp-block-separator has-text-color has-ast-global-color-0-color has-alpha-channel-opacity has-ast-global-color-0-background-color has-background is-style-dots\" \/>\n<p><span style=\"color: #000000;\"><\/span><\/p>\n<h4 class=\"wp-block-heading has-text-align-center\"><span style=\"color: #000000;\"><strong>C\u00f3mo trabajo: del primer contacto al \u00faltimo bocado<\/strong><\/span><\/h4>\n<p><span style=\"color: #000000;\"><\/span><\/p>\n<p><span style=\"color: #000000;\">Detr\u00e1s de cada servicio como <strong>chef privado en Mallorca<\/strong> hay un proceso que empieza mucho antes de encender el fuego y termina mucho despu\u00e9s del postre.<\/span><\/p>\n<p><span style=\"color: #000000;\"><\/span><\/p>\n<details class=\"wp-block-details has-ast-global-color-0-color has-text-color has-link-color wp-elements-8d9813b712d572cafcfe6c7cfba34d27 is-layout-flow wp-block-details-is-layout-flow\">\n<summary><span style=\"color: #000000;\"><em><strong>Escuchar, imaginar, dise\u00f1ar<\/strong><\/em><\/span><\/summary>\n<span style=\"color: #000000;\"><\/span>\n<p class=\"has-ast-global-color-3-color has-text-color has-link-color wp-elements-b369329075fb952d9ca89c469aa9819a\"><span style=\"color: #000000;\">Todo empieza con una conversaci\u00f3n. Quiero saber para qui\u00e9n cocino, qu\u00e9 celebr\u00e1is, qu\u00e9 os gusta, qu\u00e9 no soport\u00e1is, qu\u00e9 quer\u00e9is recordar de esa comida o de ese taller. A partir de ah\u00ed, empiezo a imaginar el men\u00fa como si fuera una historia con principio, nudo y desenlace.<\/span><\/p>\n<span style=\"color: #000000;\"><\/span>\n<p class=\"has-ast-global-color-3-color has-text-color has-link-color wp-elements-cfc01e723871caa899be7fbf0a0d862d\"><span style=\"color: #000000;\">No trabajo con men\u00fas r\u00edgidos e inamovibles: prefiero adaptar la experiencia a cada caso. Hay quien quiere algo muy mediterr\u00e1neo, otros prefieren toques m\u00e1s creativos, algunos buscan algo ligero, otros quieren platos de cuchara que se peguen al alma. Mi labor como chef privado es traducir todo eso a un men\u00fa coherente, equilibrado y sabroso.<\/span><\/p>\n<span style=\"color: #000000;\"><\/span><\/details>\n<p><span style=\"color: #000000;\"><\/span><\/p>\n<details class=\"wp-block-details has-ast-global-color-0-color has-text-color has-link-color wp-elements-3fc01c20d77e7cf41419e35e828e1d25 is-layout-flow wp-block-details-is-layout-flow\">\n<summary><span style=\"color: #000000;\"><em>El d\u00eda del servicio: tu casa, mi cocina<\/em><\/span><\/summary>\n<span style=\"color: #000000;\"><\/span>\n<p class=\"has-ast-global-color-3-color has-text-color has-link-color wp-elements-719a26540c231fc60e3e5246f8ed3145\"><span style=\"color: #000000;\">El d\u00eda que nos vemos, llego con tiempo, reviso la cocina y empiezo mi mise en place. Me adapto a tu espacio, a tu horno, a tu vitro, a tu menaje. He cocinado en cocinas enormes y en cocinas min\u00fasculas, y siempre repito lo mismo: con buena organizaci\u00f3n y respeto, se puede hacer algo bonito en cualquier sitio.<\/span><\/p>\n<span style=\"color: #000000;\"><\/span>\n<p class=\"has-ast-global-color-3-color has-text-color has-link-color wp-elements-fa36ee547dff8f6490c41368735b8e5c\"><span style=\"color: #000000;\">Mientras voy cocinando, la casa se llena de olores: sofritos, caldos, masas, tostados\u2026 La experiencia empieza mucho antes de que el primer plato llegue a la mesa. Cuando servimos, me gusta explicar qu\u00e9 hay detr\u00e1s de cada plato, qu\u00e9 he querido conseguir, de d\u00f3nde viene el producto. Sin dar una \u201cclase\u201d, pero s\u00ed compartiendo la historia del men\u00fa.<\/span><\/p>\n<span style=\"color: #000000;\"><\/span><\/details>\n<p><span style=\"color: #000000;\"><\/span><\/p>\n<details class=\"wp-block-details has-ast-global-color-0-color has-text-color has-link-color wp-elements-57730ea3fe91e814e2a6c5349a638754 is-layout-flow wp-block-details-is-layout-flow\">\n<summary><span style=\"color: #000000;\"><em>Despu\u00e9s de la experiencia<\/em><\/span><\/summary>\n<span style=\"color: #000000;\"><\/span>\n<p class=\"has-ast-global-color-3-color has-text-color has-link-color wp-elements-cf0501bb35ac6b59733eee9102a959d3\"><span style=\"color: #000000;\">Cuando terminamos, recojo, limpio y dejo la cocina ordenada. No concibo entrar en una casa y dejar detr\u00e1s el rastro de una batalla; prefiero que la sensaci\u00f3n final sea de calma, como cuando apagas el fuego de un guiso que ha estado horas chup-chup y solo queda el aroma.<\/span><\/p>\n<span style=\"color: #000000;\"><\/span>\n<p class=\"has-ast-global-color-3-color has-text-color has-link-color wp-elements-a2252650851f0c7ed0be8f75b75513dd\"><span style=\"color: #000000;\">Muchos clientes me escriben despu\u00e9s para contarme que han recordado esa cena, ese desayuno, ese taller. A veces env\u00edan fotos de un plato que han intentado replicar en casa. Como chef privado en Mallorca, esos mensajes son, sin duda, el mejor \u201cpostre\u201d.<\/span><\/p>\n<span style=\"color: #000000;\"><\/span><\/details>\n<p><span style=\"color: #000000;\"><\/span><\/p>\n<hr class=\"wp-block-separator has-text-color has-ast-global-color-0-color has-alpha-channel-opacity has-ast-global-color-0-background-color has-background\" \/>\n<p><span style=\"color: #000000;\"><\/span><\/p>\n<h4 class=\"wp-block-heading has-text-align-center\"><span style=\"color: #000000;\">Por qu\u00e9 elegir un chef privado en Mallorca<\/span><\/h4>\n<p><span style=\"color: #000000;\"><\/span><\/p>\n<p><span style=\"color: #000000;\">Podr\u00edas salir a un restaurante, pedir comida a domicilio o cocinar t\u00fa mismo, y todas son opciones v\u00e1lidas. Pero contar con un <strong>chef privado en Mallorca<\/strong> es otra cosa: es juntar lo mejor de todos esos mundos y llevarlo a tu propio terreno.<\/span><\/p>\n<p><span style=\"color: #000000;\"><\/span><\/p>\n<p><span style=\"color: #000000;\">Es poder comer como en un buen restaurante, pero con la intimidad de tu casa. Es disfrutar de un servicio cuidado, pero a tu ritmo. Es aprender en un taller, pero con alguien que est\u00e1 a tu lado, corrigiendo y animando, no solo a trav\u00e9s de una pantalla. Es aprovechar el producto maravilloso de la isla de una forma respetuosa, creativa y suculenta.<\/span><\/p>\n<p><span style=\"color: #000000;\"><\/span><\/p>\n<p><span style=\"color: #000000;\">Y, sobre todo, es entender la gastronom\u00eda como lo que siempre ha sido: un acto de encuentro. Entre personas, entre historias, entre ingredientes. Eso es lo que intento cada d\u00eda como chef privado: que, al final de la experiencia, sientas que hemos cocinado algo m\u00e1s que un men\u00fa.<\/span><\/p>\n<p><span style=\"color: #000000;\"><\/span><\/p>\n<hr class=\"wp-block-separator has-text-color has-ast-global-color-0-color has-alpha-channel-opacity has-ast-global-color-0-background-color has-background is-style-default\" \/>\n<p><span style=\"color: #000000;\"><\/span><\/p>\n<h2 class=\"wp-block-heading has-text-align-center\"><span style=\"color: #000000;\">Una experiencia que se cocina a fuego lento<\/span><\/h2>\n<p><span style=\"color: #000000;\"><\/span><\/p>\n<p><span style=\"color: #000000;\">La experiencia Canaya by Chef Jarauta nace de esa idea: cocinar a fuego lento, con calma, con intenci\u00f3n. Ser <strong>chef privado en Mallorca<\/strong> no es para m\u00ed solo una etiqueta profesional, es una forma de estar en la cocina y en la vida. Es entrar en tu casa con respeto, traer conmigo todo lo que s\u00e9, ponerlo al servicio de tu momento y, cuando se acaba, dejar un recuerdo que siga \u201cchup-chup\u201d en vuestra memoria.<\/span><\/p>\n<p><span style=\"color: #000000;\"><\/span><\/p>\n<p><span style=\"color: #000000;\">Si alguna vez has pensado que te gustar\u00eda vivir la cocina de otra manera \u2013en tu mesa, con tus tiempos, con tus sabores y con alguien que te acompa\u00f1e en ese viaje\u2013, entonces ya has entendido de qu\u00e9 va todo esto. A partir de ah\u00ed, solo queda hacer lo que mejor sabemos hacer: elegir buenos ingredientes, encender el fuego\u2026 y dejar que la experiencia se cocine.<\/span><\/p>\n\n<figure class=\"wp-block-image alignright size-full is-resized\"><img loading=\"lazy\" decoding=\"async\" width=\"281\" height=\"264\" class=\"wp-image-3469\" style=\"width: 94px; height: auto;\" src=\"https:\/\/somoscanayas.com\/wp-content\/uploads\/2024\/05\/Icono-de-sitio-e1716297670976.png\" alt=\"Cursos de cocina en Palma de Mallorca\" \/><\/figure>\n\n<div class=\"wp-block-buttons is-content-justification-center is-layout-flex wp-container-core-buttons-is-layout-a89b3969 wp-block-buttons-is-layout-flex\">\n<div class=\"wp-block-button\"><a class=\"wp-block-button__link wp-element-button\" href=\"https:\/\/somoscanayas.com\/en\/contacto\/?v=073cc70932ad\" target=\"_blank\" rel=\"noreferrer noopener\">CONTACT<\/a><\/div>\n<\/div>\n\n<p>\u00a0<\/p>\n\t\t\t\t\t\t\t\t<\/div>\n\t\t\t\t<\/div>\n\t\t\t\t\t<\/div>\n\t\t<\/div>\n\t\t\t\t\t<\/div>\n\t\t<\/section>\n\t\t\t\t<\/div>","protected":false},"excerpt":{"rendered":"<p>Chef privado en Mallorca | Experiencia \u00fanica Canaya by Chef Jarauta Hay platos que se disfrutan en un restaurante\u2026 y luego est\u00e1n esas experiencias que solo tienen sentido en casa, con tus tiempos, tus silencios, tu m\u00fasica y tu gente. Ah\u00ed es donde entra mi trabajo como chef privado en Mallorca y donde nace la [&hellip;]<\/p>\n","protected":false},"author":1,"featured_media":4064,"comment_status":"open","ping_status":"closed","sticky":false,"template":"","format":"standard","meta":{"site-sidebar-layout":"default","site-content-layout":"","ast-site-content-layout":"default","site-content-style":"default","site-sidebar-style":"default","ast-global-header-display":"","ast-banner-title-visibility":"","ast-main-header-display":"","ast-hfb-above-header-display":"","ast-hfb-below-header-display":"","ast-hfb-mobile-header-display":"","site-post-title":"","ast-breadcrumbs-content":"","ast-featured-img":"","footer-sml-layout":"","ast-disable-related-posts":"","theme-transparent-header-meta":"","adv-header-id-meta":"","stick-header-meta":"","header-above-stick-meta":"","header-main-stick-meta":"","header-below-stick-meta":"","astra-migrate-meta-layouts":"set","ast-page-background-enabled":"default","ast-page-background-meta":{"desktop":{"background-color":"","background-image":"","background-repeat":"repeat","background-position":"center center","background-size":"auto","background-attachment":"scroll","background-type":"","background-media":"","overlay-type":"","overlay-color":"","overlay-opacity":"","overlay-gradient":""},"tablet":{"background-color":"","background-image":"","background-repeat":"repeat","background-position":"center center","background-size":"auto","background-attachment":"scroll","background-type":"","background-media":"","overlay-type":"","overlay-color":"","overlay-opacity":"","overlay-gradient":""},"mobile":{"background-color":"","background-image":"","background-repeat":"repeat","background-position":"center center","background-size":"auto","background-attachment":"scroll","background-type":"","background-media":"","overlay-type":"","overlay-color":"","overlay-opacity":"","overlay-gradient":""}},"ast-content-background-meta":{"desktop":{"background-color":"var(--ast-global-color-5)","background-image":"","background-repeat":"repeat","background-position":"center center","background-size":"auto","background-attachment":"scroll","background-type":"","background-media":"","overlay-type":"","overlay-color":"","overlay-opacity":"","overlay-gradient":""},"tablet":{"background-color":"var(--ast-global-color-5)","background-image":"","background-repeat":"repeat","background-position":"center center","background-size":"auto","background-attachment":"scroll","background-type":"","background-media":"","overlay-type":"","overlay-color":"","overlay-opacity":"","overlay-gradient":""},"mobile":{"background-color":"var(--ast-global-color-5)","background-image":"","background-repeat":"repeat","background-position":"center center","background-size":"auto","background-attachment":"scroll","background-type":"","background-media":"","overlay-type":"","overlay-color":"","overlay-opacity":"","overlay-gradient":""}},"footnotes":""},"categories":[39],"tags":[57,58,59,56,60],"class_list":["post-4401","post","type-post","status-publish","format-standard","has-post-thumbnail","hentry","category-blog","tag-chef-privado-en-mallorca","tag-comidas-y-cenas-privadas-mallorca","tag-desayunos-a-domicilio-mallorca","tag-experiencia-canaya","tag-talleres-de-cocina-mallorca"],"yoast_head":"<!-- This site is optimized with the Yoast SEO plugin v27.4 - https:\/\/yoast.com\/product\/yoast-seo-wordpress\/ -->\n<title>Chef privado en Mallorca | Experiencia Canaya by Chef Jarauta<\/title>\n<meta name=\"description\" content=\"Chef privado en Mallorca para comidas, cenas, desayunos y talleres a medida en tu casa. Vive la experiencia gastron\u00f3mica Canaya hoy mismo.\" \/>\n<meta name=\"robots\" content=\"index, follow, max-snippet:-1, max-image-preview:large, max-video-preview:-1\" \/>\n<link rel=\"canonical\" href=\"https:\/\/somoscanayas.com\/en\/chef-privado-en-mallorca-experiencia-canaya-by-chef-jarauta\/\" \/>\n<meta property=\"og:locale\" content=\"en_GB\" \/>\n<meta property=\"og:type\" content=\"article\" \/>\n<meta property=\"og:title\" content=\"Chef privado en Mallorca | Experiencia Canaya by Chef Jarauta\" \/>\n<meta property=\"og:description\" content=\"Chef privado en Mallorca para comidas, cenas, desayunos y talleres a medida en tu casa. Vive la experiencia gastron\u00f3mica Canaya hoy mismo.\" \/>\n<meta property=\"og:url\" content=\"https:\/\/somoscanayas.com\/en\/chef-privado-en-mallorca-experiencia-canaya-by-chef-jarauta\/\" \/>\n<meta property=\"og:site_name\" content=\"Canayas by Chef Jarauta\" \/>\n<meta property=\"article:published_time\" content=\"2026-04-14T11:35:30+00:00\" \/>\n<meta property=\"article:modified_time\" content=\"2026-04-14T11:36:42+00:00\" \/>\n<meta property=\"og:image\" content=\"https:\/\/somoscanayas.com\/wp-content\/uploads\/2025\/06\/chef-jarauta-cocinando-paella.jpeg\" \/>\n\t<meta property=\"og:image:width\" content=\"1600\" \/>\n\t<meta property=\"og:image:height\" content=\"1063\" \/>\n\t<meta property=\"og:image:type\" content=\"image\/jpeg\" \/>\n<meta name=\"author\" content=\"admin\" \/>\n<meta name=\"twitter:card\" content=\"summary_large_image\" \/>\n<meta name=\"twitter:label1\" content=\"Written by\" \/>\n\t<meta name=\"twitter:data1\" content=\"admin\" \/>\n\t<meta name=\"twitter:label2\" content=\"Estimated reading time\" \/>\n\t<meta name=\"twitter:data2\" content=\"11 minutes\" \/>\n<script type=\"application\/ld+json\" class=\"yoast-schema-graph\">{\"@context\":\"https:\\\/\\\/schema.org\",\"@graph\":[{\"@type\":\"Article\",\"@id\":\"https:\\\/\\\/somoscanayas.com\\\/chef-privado-en-mallorca-experiencia-canaya-by-chef-jarauta\\\/#article\",\"isPartOf\":{\"@id\":\"https:\\\/\\\/somoscanayas.com\\\/chef-privado-en-mallorca-experiencia-canaya-by-chef-jarauta\\\/\"},\"author\":{\"name\":\"admin\",\"@id\":\"https:\\\/\\\/somoscanayas.com\\\/#\\\/schema\\\/person\\\/4103724c64f4fdacdc29a0886aec47bb\"},\"headline\":\"Chef privado en Mallorca | Experiencia Canaya by Chef Jarauta\",\"datePublished\":\"2026-04-14T11:35:30+00:00\",\"dateModified\":\"2026-04-14T11:36:42+00:00\",\"mainEntityOfPage\":{\"@id\":\"https:\\\/\\\/somoscanayas.com\\\/chef-privado-en-mallorca-experiencia-canaya-by-chef-jarauta\\\/\"},\"wordCount\":2120,\"commentCount\":0,\"publisher\":{\"@id\":\"https:\\\/\\\/somoscanayas.com\\\/#organization\"},\"image\":{\"@id\":\"https:\\\/\\\/somoscanayas.com\\\/chef-privado-en-mallorca-experiencia-canaya-by-chef-jarauta\\\/#primaryimage\"},\"thumbnailUrl\":\"https:\\\/\\\/somoscanayas.com\\\/wp-content\\\/uploads\\\/2025\\\/06\\\/chef-jarauta-cocinando-paella.jpeg\",\"keywords\":[\"chef privado en Mallorca\",\"comidas y cenas privadas Mallorca\",\"desayunos a domicilio Mallorca\",\"experiencia Canaya\",\"talleres de cocina Mallorca\"],\"articleSection\":[\"Blog\"],\"inLanguage\":\"en-GB\",\"potentialAction\":[{\"@type\":\"CommentAction\",\"name\":\"Comment\",\"target\":[\"https:\\\/\\\/somoscanayas.com\\\/chef-privado-en-mallorca-experiencia-canaya-by-chef-jarauta\\\/#respond\"]}]},{\"@type\":\"WebPage\",\"@id\":\"https:\\\/\\\/somoscanayas.com\\\/chef-privado-en-mallorca-experiencia-canaya-by-chef-jarauta\\\/\",\"url\":\"https:\\\/\\\/somoscanayas.com\\\/chef-privado-en-mallorca-experiencia-canaya-by-chef-jarauta\\\/\",\"name\":\"Chef privado en Mallorca | Experiencia Canaya by Chef Jarauta\",\"isPartOf\":{\"@id\":\"https:\\\/\\\/somoscanayas.com\\\/#website\"},\"primaryImageOfPage\":{\"@id\":\"https:\\\/\\\/somoscanayas.com\\\/chef-privado-en-mallorca-experiencia-canaya-by-chef-jarauta\\\/#primaryimage\"},\"image\":{\"@id\":\"https:\\\/\\\/somoscanayas.com\\\/chef-privado-en-mallorca-experiencia-canaya-by-chef-jarauta\\\/#primaryimage\"},\"thumbnailUrl\":\"https:\\\/\\\/somoscanayas.com\\\/wp-content\\\/uploads\\\/2025\\\/06\\\/chef-jarauta-cocinando-paella.jpeg\",\"datePublished\":\"2026-04-14T11:35:30+00:00\",\"dateModified\":\"2026-04-14T11:36:42+00:00\",\"description\":\"Chef privado en Mallorca para comidas, cenas, desayunos y talleres a medida en tu casa. Vive la experiencia gastron\u00f3mica Canaya hoy mismo.\",\"breadcrumb\":{\"@id\":\"https:\\\/\\\/somoscanayas.com\\\/chef-privado-en-mallorca-experiencia-canaya-by-chef-jarauta\\\/#breadcrumb\"},\"inLanguage\":\"en-GB\",\"potentialAction\":[{\"@type\":\"ReadAction\",\"target\":[\"https:\\\/\\\/somoscanayas.com\\\/chef-privado-en-mallorca-experiencia-canaya-by-chef-jarauta\\\/\"]}]},{\"@type\":\"ImageObject\",\"inLanguage\":\"en-GB\",\"@id\":\"https:\\\/\\\/somoscanayas.com\\\/chef-privado-en-mallorca-experiencia-canaya-by-chef-jarauta\\\/#primaryimage\",\"url\":\"https:\\\/\\\/somoscanayas.com\\\/wp-content\\\/uploads\\\/2025\\\/06\\\/chef-jarauta-cocinando-paella.jpeg\",\"contentUrl\":\"https:\\\/\\\/somoscanayas.com\\\/wp-content\\\/uploads\\\/2025\\\/06\\\/chef-jarauta-cocinando-paella.jpeg\",\"width\":1600,\"height\":1063,\"caption\":\"Chef Jarauta cocinando paella\"},{\"@type\":\"BreadcrumbList\",\"@id\":\"https:\\\/\\\/somoscanayas.com\\\/chef-privado-en-mallorca-experiencia-canaya-by-chef-jarauta\\\/#breadcrumb\",\"itemListElement\":[{\"@type\":\"ListItem\",\"position\":1,\"name\":\"Home\",\"item\":\"https:\\\/\\\/somoscanayas.com\\\/\"},{\"@type\":\"ListItem\",\"position\":2,\"name\":\"Chef privado en Mallorca | Experiencia Canaya by Chef Jarauta\"}]},{\"@type\":\"WebSite\",\"@id\":\"https:\\\/\\\/somoscanayas.com\\\/#website\",\"url\":\"https:\\\/\\\/somoscanayas.com\\\/\",\"name\":\"Canayas by Chef Jarauta\",\"description\":\"Chef privado para eventos y servicios a domicilio en Mallorca\",\"publisher\":{\"@id\":\"https:\\\/\\\/somoscanayas.com\\\/#organization\"},\"potentialAction\":[{\"@type\":\"SearchAction\",\"target\":{\"@type\":\"EntryPoint\",\"urlTemplate\":\"https:\\\/\\\/somoscanayas.com\\\/?s={search_term_string}\"},\"query-input\":{\"@type\":\"PropertyValueSpecification\",\"valueRequired\":true,\"valueName\":\"search_term_string\"}}],\"inLanguage\":\"en-GB\"},{\"@type\":\"Organization\",\"@id\":\"https:\\\/\\\/somoscanayas.com\\\/#organization\",\"name\":\"Canayas bu Chef Jarauta\",\"url\":\"https:\\\/\\\/somoscanayas.com\\\/\",\"logo\":{\"@type\":\"ImageObject\",\"inLanguage\":\"en-GB\",\"@id\":\"https:\\\/\\\/somoscanayas.com\\\/#\\\/schema\\\/logo\\\/image\\\/\",\"url\":\"https:\\\/\\\/somoscanayas.com\\\/wp-content\\\/uploads\\\/2023\\\/11\\\/Logo-3-Canayas-e1700135464851.png\",\"contentUrl\":\"https:\\\/\\\/somoscanayas.com\\\/wp-content\\\/uploads\\\/2023\\\/11\\\/Logo-3-Canayas-e1700135464851.png\",\"width\":1000,\"height\":348,\"caption\":\"Canayas bu Chef Jarauta\"},\"image\":{\"@id\":\"https:\\\/\\\/somoscanayas.com\\\/#\\\/schema\\\/logo\\\/image\\\/\"}},{\"@type\":\"Person\",\"@id\":\"https:\\\/\\\/somoscanayas.com\\\/#\\\/schema\\\/person\\\/4103724c64f4fdacdc29a0886aec47bb\",\"name\":\"admin\",\"sameAs\":[\"https:\\\/\\\/somoscanayas.com\"],\"url\":\"https:\\\/\\\/somoscanayas.com\\\/en\\\/author\\\/markstar\\\/\"}]}<\/script>\n<!-- \/ Yoast SEO plugin. -->","yoast_head_json":{"title":"Chef privado en Mallorca | Experiencia Canaya by Chef Jarauta","description":"Chef privado en Mallorca para comidas, cenas, desayunos y talleres a medida en tu casa. Vive la experiencia gastron\u00f3mica Canaya hoy mismo.","robots":{"index":"index","follow":"follow","max-snippet":"max-snippet:-1","max-image-preview":"max-image-preview:large","max-video-preview":"max-video-preview:-1"},"canonical":"https:\/\/somoscanayas.com\/en\/chef-privado-en-mallorca-experiencia-canaya-by-chef-jarauta\/","og_locale":"en_GB","og_type":"article","og_title":"Chef privado en Mallorca | Experiencia Canaya by Chef Jarauta","og_description":"Chef privado en Mallorca para comidas, cenas, desayunos y talleres a medida en tu casa. Vive la experiencia gastron\u00f3mica Canaya hoy mismo.","og_url":"https:\/\/somoscanayas.com\/en\/chef-privado-en-mallorca-experiencia-canaya-by-chef-jarauta\/","og_site_name":"Canayas by Chef Jarauta","article_published_time":"2026-04-14T11:35:30+00:00","article_modified_time":"2026-04-14T11:36:42+00:00","og_image":[{"width":1600,"height":1063,"url":"https:\/\/somoscanayas.com\/wp-content\/uploads\/2025\/06\/chef-jarauta-cocinando-paella.jpeg","type":"image\/jpeg"}],"author":"admin","twitter_card":"summary_large_image","twitter_misc":{"Written by":"admin","Estimated reading time":"11 minutes"},"schema":{"@context":"https:\/\/schema.org","@graph":[{"@type":"Article","@id":"https:\/\/somoscanayas.com\/chef-privado-en-mallorca-experiencia-canaya-by-chef-jarauta\/#article","isPartOf":{"@id":"https:\/\/somoscanayas.com\/chef-privado-en-mallorca-experiencia-canaya-by-chef-jarauta\/"},"author":{"name":"admin","@id":"https:\/\/somoscanayas.com\/#\/schema\/person\/4103724c64f4fdacdc29a0886aec47bb"},"headline":"Chef privado en Mallorca | Experiencia Canaya by Chef Jarauta","datePublished":"2026-04-14T11:35:30+00:00","dateModified":"2026-04-14T11:36:42+00:00","mainEntityOfPage":{"@id":"https:\/\/somoscanayas.com\/chef-privado-en-mallorca-experiencia-canaya-by-chef-jarauta\/"},"wordCount":2120,"commentCount":0,"publisher":{"@id":"https:\/\/somoscanayas.com\/#organization"},"image":{"@id":"https:\/\/somoscanayas.com\/chef-privado-en-mallorca-experiencia-canaya-by-chef-jarauta\/#primaryimage"},"thumbnailUrl":"https:\/\/somoscanayas.com\/wp-content\/uploads\/2025\/06\/chef-jarauta-cocinando-paella.jpeg","keywords":["chef privado en Mallorca","comidas y cenas privadas Mallorca","desayunos a domicilio Mallorca","experiencia Canaya","talleres de cocina Mallorca"],"articleSection":["Blog"],"inLanguage":"en-GB","potentialAction":[{"@type":"CommentAction","name":"Comment","target":["https:\/\/somoscanayas.com\/chef-privado-en-mallorca-experiencia-canaya-by-chef-jarauta\/#respond"]}]},{"@type":"WebPage","@id":"https:\/\/somoscanayas.com\/chef-privado-en-mallorca-experiencia-canaya-by-chef-jarauta\/","url":"https:\/\/somoscanayas.com\/chef-privado-en-mallorca-experiencia-canaya-by-chef-jarauta\/","name":"Chef privado en Mallorca | Experiencia Canaya by Chef Jarauta","isPartOf":{"@id":"https:\/\/somoscanayas.com\/#website"},"primaryImageOfPage":{"@id":"https:\/\/somoscanayas.com\/chef-privado-en-mallorca-experiencia-canaya-by-chef-jarauta\/#primaryimage"},"image":{"@id":"https:\/\/somoscanayas.com\/chef-privado-en-mallorca-experiencia-canaya-by-chef-jarauta\/#primaryimage"},"thumbnailUrl":"https:\/\/somoscanayas.com\/wp-content\/uploads\/2025\/06\/chef-jarauta-cocinando-paella.jpeg","datePublished":"2026-04-14T11:35:30+00:00","dateModified":"2026-04-14T11:36:42+00:00","description":"Chef privado en Mallorca para comidas, cenas, desayunos y talleres a medida en tu casa. Vive la experiencia gastron\u00f3mica Canaya hoy mismo.","breadcrumb":{"@id":"https:\/\/somoscanayas.com\/chef-privado-en-mallorca-experiencia-canaya-by-chef-jarauta\/#breadcrumb"},"inLanguage":"en-GB","potentialAction":[{"@type":"ReadAction","target":["https:\/\/somoscanayas.com\/chef-privado-en-mallorca-experiencia-canaya-by-chef-jarauta\/"]}]},{"@type":"ImageObject","inLanguage":"en-GB","@id":"https:\/\/somoscanayas.com\/chef-privado-en-mallorca-experiencia-canaya-by-chef-jarauta\/#primaryimage","url":"https:\/\/somoscanayas.com\/wp-content\/uploads\/2025\/06\/chef-jarauta-cocinando-paella.jpeg","contentUrl":"https:\/\/somoscanayas.com\/wp-content\/uploads\/2025\/06\/chef-jarauta-cocinando-paella.jpeg","width":1600,"height":1063,"caption":"Chef Jarauta cocinando paella"},{"@type":"BreadcrumbList","@id":"https:\/\/somoscanayas.com\/chef-privado-en-mallorca-experiencia-canaya-by-chef-jarauta\/#breadcrumb","itemListElement":[{"@type":"ListItem","position":1,"name":"Home","item":"https:\/\/somoscanayas.com\/"},{"@type":"ListItem","position":2,"name":"Chef privado en Mallorca | Experiencia Canaya by Chef Jarauta"}]},{"@type":"WebSite","@id":"https:\/\/somoscanayas.com\/#website","url":"https:\/\/somoscanayas.com\/","name":"Canayas by Chef Jarauta","description":"Private chef for events and home services in Mallorca","publisher":{"@id":"https:\/\/somoscanayas.com\/#organization"},"potentialAction":[{"@type":"SearchAction","target":{"@type":"EntryPoint","urlTemplate":"https:\/\/somoscanayas.com\/?s={search_term_string}"},"query-input":{"@type":"PropertyValueSpecification","valueRequired":true,"valueName":"search_term_string"}}],"inLanguage":"en-GB"},{"@type":"Organization","@id":"https:\/\/somoscanayas.com\/#organization","name":"Canayas bu Chef Jarauta","url":"https:\/\/somoscanayas.com\/","logo":{"@type":"ImageObject","inLanguage":"en-GB","@id":"https:\/\/somoscanayas.com\/#\/schema\/logo\/image\/","url":"https:\/\/somoscanayas.com\/wp-content\/uploads\/2023\/11\/Logo-3-Canayas-e1700135464851.png","contentUrl":"https:\/\/somoscanayas.com\/wp-content\/uploads\/2023\/11\/Logo-3-Canayas-e1700135464851.png","width":1000,"height":348,"caption":"Canayas bu Chef Jarauta"},"image":{"@id":"https:\/\/somoscanayas.com\/#\/schema\/logo\/image\/"}},{"@type":"Person","@id":"https:\/\/somoscanayas.com\/#\/schema\/person\/4103724c64f4fdacdc29a0886aec47bb","name":"admin","sameAs":["https:\/\/somoscanayas.com"],"url":"https:\/\/somoscanayas.com\/en\/author\/markstar\/"}]}},"_links":{"self":[{"href":"https:\/\/somoscanayas.com\/en\/wp-json\/wp\/v2\/posts\/4401","targetHints":{"allow":["GET"]}}],"collection":[{"href":"https:\/\/somoscanayas.com\/en\/wp-json\/wp\/v2\/posts"}],"about":[{"href":"https:\/\/somoscanayas.com\/en\/wp-json\/wp\/v2\/types\/post"}],"author":[{"embeddable":true,"href":"https:\/\/somoscanayas.com\/en\/wp-json\/wp\/v2\/users\/1"}],"replies":[{"embeddable":true,"href":"https:\/\/somoscanayas.com\/en\/wp-json\/wp\/v2\/comments?post=4401"}],"version-history":[{"count":12,"href":"https:\/\/somoscanayas.com\/en\/wp-json\/wp\/v2\/posts\/4401\/revisions"}],"predecessor-version":[{"id":4911,"href":"https:\/\/somoscanayas.com\/en\/wp-json\/wp\/v2\/posts\/4401\/revisions\/4911"}],"wp:featuredmedia":[{"embeddable":true,"href":"https:\/\/somoscanayas.com\/en\/wp-json\/wp\/v2\/media\/4064"}],"wp:attachment":[{"href":"https:\/\/somoscanayas.com\/en\/wp-json\/wp\/v2\/media?parent=4401"}],"wp:term":[{"taxonomy":"category","embeddable":true,"href":"https:\/\/somoscanayas.com\/en\/wp-json\/wp\/v2\/categories?post=4401"},{"taxonomy":"post_tag","embeddable":true,"href":"https:\/\/somoscanayas.com\/en\/wp-json\/wp\/v2\/tags?post=4401"}],"curies":[{"name":"wp","href":"https:\/\/api.w.org\/{rel}","templated":true}]}}