{"id":4399,"date":"2026-01-26T12:01:39","date_gmt":"2026-01-26T12:01:39","guid":{"rendered":"https:\/\/somoscanayas.com\/?p=4399"},"modified":"2026-02-13T09:35:23","modified_gmt":"2026-02-13T09:35:23","slug":"desayunos-gourmet-a-domicilio-en-mallorca-con-un-chef-privado","status":"publish","type":"post","link":"https:\/\/somoscanayas.com\/en\/desayunos-gourmet-a-domicilio-en-mallorca-con-un-chef-privado\/","title":{"rendered":"Desayunos gourmet a domicilio en Mallorca con un chef privado"},"content":{"rendered":"<div data-elementor-type=\"wp-post\" data-elementor-id=\"4399\" class=\"elementor elementor-4399\">\n\t\t\t\t\t\t<section class=\"elementor-section elementor-top-section elementor-element elementor-element-e8f772 elementor-section-boxed elementor-section-height-default elementor-section-height-default\" data-id=\"e8f772\" data-element_type=\"section\" data-e-type=\"section\">\n\t\t\t\t\t\t<div class=\"elementor-container elementor-column-gap-default\">\n\t\t\t\t\t<div class=\"elementor-column elementor-col-100 elementor-top-column elementor-element elementor-element-500fee0f\" data-id=\"500fee0f\" data-element_type=\"column\" data-e-type=\"column\">\n\t\t\t<div class=\"elementor-widget-wrap elementor-element-populated\">\n\t\t\t\t\t\t<div class=\"elementor-element elementor-element-4c31521 elementor-widget elementor-widget-heading\" data-id=\"4c31521\" data-element_type=\"widget\" data-e-type=\"widget\" data-widget_type=\"heading.default\">\n\t\t\t\t<div class=\"elementor-widget-container\">\n\t\t\t\t\t<h1 class=\"elementor-heading-title elementor-size-default\">Desayunos gourmet a domicilio en Mallorca con un chef privado<\/h1>\t\t\t\t<\/div>\n\t\t\t\t<\/div>\n\t\t\t\t<div class=\"elementor-element elementor-element-1dd2eebf elementor-widget elementor-widget-text-editor\" data-id=\"1dd2eebf\" data-element_type=\"widget\" data-e-type=\"widget\" data-widget_type=\"text-editor.default\">\n\t\t\t\t<div class=\"elementor-widget-container\">\n\t\t\t\t\t\t\t\t\t\n<p>Hay d\u00edas que empiezan a toda prisa, con un caf\u00e9 mal tomado y una tostada a medias. Y luego est\u00e1n esos otros d\u00edas, los que se saborean desde el primer sorbo, en los que la ma\u00f1ana tiene aroma a pan reci\u00e9n hecho, fruta fresca y caf\u00e9 caliente que te despierta poco a poco. Justo ah\u00ed es donde entran mis <strong>desayunos a domicilio en Mallorca<\/strong>: no como un simple servicio, sino como una forma de convertir la primera hora del d\u00eda en un peque\u00f1o ritual gourmet.<\/p>\n\n<p><a href=\"https:\/\/somoscanayas.com\/en\/?v=073cc70932ad\" target=\"_blank\" rel=\"noreferrer noopener\">Te hablo en primera persona<\/a> porque as\u00ed vivo yo la cocina: cerca, sin artificios, con el delantal puesto y la intenci\u00f3n muy clara de que el desayuno no sea \u201calgo r\u00e1pido\u201d, sino el primer regalo del d\u00eda. En este art\u00edculo quiero llevarte conmigo a esa experiencia, contarte c\u00f3mo dise\u00f1o cada desayuno gourmet a domicilio, qu\u00e9 tipos de formatos ofrezco y por qu\u00e9 el equilibrio en el plato es tan importante como el equilibrio con el que empiezas la ma\u00f1ana.<\/p>\n<hr class=\"wp-block-separator has-text-color has-ast-global-color-0-color has-alpha-channel-opacity has-ast-global-color-0-background-color has-background\" \/>\n<h2 class=\"wp-block-heading\">Desayunos a domicilio en Mallorca: mucho m\u00e1s que \u201calgo para picar\u201d<\/h2>\n\n<p>Para muchos, la idea de <strong>desayunos a domicilio en Mallorca<\/strong> suena a bandejas est\u00e1ndar, zumos de brick y boller\u00eda de f\u00e1brica. Para m\u00ed, eso no tiene nada que ver con lo que debe ser un buen desayuno. Cuando entro en tu casa como chef privado, mi objetivo es otro: quiero que sientas que el d\u00eda empieza de una forma distinta, como si estuvieras en un peque\u00f1o hotel boutique\u2026 pero con la comodidad de estar en tu propia mesa.<\/p>\n\n<p><a href=\"https:\/\/somoscanayas.com\/en\/desayunos-y-brunchs\/?v=073cc70932ad\" target=\"_blank\" rel=\"noreferrer noopener\">Dise\u00f1ar desayunos gourmet<\/a> a domicilio significa pensar en cada detalle: la temperatura del caf\u00e9, la textura del pan, c\u00f3mo crujen los frutos secos sobre un yogur cremoso, el punto justo de un huevo poch\u00e9, el equilibrio entre lo dulce y lo salado. Significa que, mientras t\u00fa a\u00fan te est\u00e1s desperezando, alguien ya ha encendido el fuego, ha cortado la fruta, ha tostado el pan y ha puesto a hervir el agua para ese primer caf\u00e9 que te va devolviendo a la vida sorbo a sorbo.<\/p>\n<hr class=\"wp-block-separator has-text-color has-ast-global-color-0-color has-alpha-channel-opacity has-ast-global-color-0-background-color has-background is-style-dots\" \/>\n<h3 class=\"wp-block-heading\">C\u00f3mo concibo un desayuno gourmet: equilibrio antes que exceso<\/h3>\n\n<figure class=\"wp-block-image alignleft size-large is-resized\"><img fetchpriority=\"high\" decoding=\"async\" width=\"768\" height=\"1024\" class=\"wp-image-3717\" style=\"width: 310px; height: auto;\" src=\"https:\/\/somoscanayas.com\/wp-content\/uploads\/2024\/10\/chef-emplatando-tartar-768x1024.jpg\" alt=\" desayunos a domicilio en Mallorca\" srcset=\"https:\/\/somoscanayas.com\/wp-content\/uploads\/2024\/10\/chef-emplatando-tartar-768x1024.jpg 768w, https:\/\/somoscanayas.com\/wp-content\/uploads\/2024\/10\/chef-emplatando-tartar-scaled-600x800.jpg 600w, https:\/\/somoscanayas.com\/wp-content\/uploads\/2024\/10\/chef-emplatando-tartar-225x300.jpg 225w, https:\/\/somoscanayas.com\/wp-content\/uploads\/2024\/10\/chef-emplatando-tartar-1152x1536.jpg 1152w, https:\/\/somoscanayas.com\/wp-content\/uploads\/2024\/10\/chef-emplatando-tartar-1536x2048.jpg 1536w, https:\/\/somoscanayas.com\/wp-content\/uploads\/2024\/10\/chef-emplatando-tartar-9x12.jpg 9w, https:\/\/somoscanayas.com\/wp-content\/uploads\/2024\/10\/chef-emplatando-tartar-scaled.jpg 1920w\" sizes=\"(max-width: 768px) 100vw, 768px\" \/><\/figure>\n\n<p>Siempre digo que un buen desayuno es como una buena partitura: cada elemento tiene su momento para entrar. No se trata de llenar la mesa sin medida, sino de escoger bien las notas. En mis <strong>desayunos a domicilio en Mallorca<\/strong> pienso en tres pilares:<\/p>\n\n<ul class=\"wp-block-list\">\n<li><em><strong>Energ\u00eda<\/strong>: que te d\u00e9 fuerza para el d\u00eda, sin pesadez.<\/em><\/li>\n\n<li><em><strong>Placer<\/strong>: que cada bocado tenga sentido, que apetezca de verdad.<\/em><\/li>\n\n<li><em><strong>Equilibrio<\/strong>: que lo dulce, lo salado, lo crujiente y lo cremoso est\u00e9n en armon\u00eda.<\/em><\/li>\n<\/ul>\n\n<p>Un ejemplo sencillo: un caf\u00e9 arom\u00e1tico que te va despertando, un zumo natural que refresca, una tostada crujiente con un buen aceite o una crema untable casera, algo de fruta que ponga color al plato y un peque\u00f1o capricho dulce que te recuerde que hoy tambi\u00e9n te puedes permitir disfrutar. No es un \u201cdesayuno enorme\u201d, es un desayuno bien pensado.<\/p>\n\n<p><a href=\"https:\/\/somoscanayas.com\/en\/galeria\/?v=073cc70932ad\" target=\"_blank\" rel=\"noreferrer noopener\">Cuando trabajo un men\u00fa<\/a> de <strong>desayunos a domicilio en Mallorca<\/strong>, siempre hago ese ejercicio: \u00bfqu\u00e9 le va a sentar bien al cuerpo a esta hora? \u00bfqu\u00e9 le va a sentar bien al \u00e1nimo? La cocina, incluso a primera hora, tambi\u00e9n es una forma de cuidar.<\/p>\n<hr class=\"wp-block-separator has-text-color has-ast-global-color-0-color has-alpha-channel-opacity has-ast-global-color-0-background-color has-background is-style-default\" \/>\n<h2 class=\"wp-block-heading\">Tipos de desayunos gourmet a domicilio que ofrezco<\/h2>\n\n<p>Aunque cada experiencia es personalizada, con el tiempo se han ido repitiendo algunos formatos que funcionan especialmente bien. Me gusta verlos como \u201ctalleres\u201d matutinos diferentes: cada uno tiene su ambiente, su ritmo y su sabor.<\/p>\n<p>\u00a0<\/p>\n\n<figure class=\"wp-block-image alignleft size-large is-resized\"><img decoding=\"async\" class=\"alignnone wp-image-4506 size-medium\" style=\"width: 433px; height: auto;\" src=\"https:\/\/somoscanayas.com\/wp-content\/uploads\/2025\/12\/bowl-de-acai-300x200.jpeg\" alt=\"bowl de a\u00e7ai\" width=\"300\" height=\"200\" srcset=\"https:\/\/somoscanayas.com\/wp-content\/uploads\/2025\/12\/bowl-de-acai-300x200.jpeg 300w, https:\/\/somoscanayas.com\/wp-content\/uploads\/2025\/12\/bowl-de-acai-768x512.jpeg 768w, https:\/\/somoscanayas.com\/wp-content\/uploads\/2025\/12\/bowl-de-acai-18x12.jpeg 18w, https:\/\/somoscanayas.com\/wp-content\/uploads\/2025\/12\/bowl-de-acai-600x400.jpeg 600w, https:\/\/somoscanayas.com\/wp-content\/uploads\/2025\/12\/bowl-de-acai.jpeg 780w\" sizes=\"(max-width: 300px) 100vw, 300px\" \/><\/figure>\n\n<div data-block-name=\"woocommerce\/accordion-group\" data-wp-context=\"{&quot;autoclose&quot;:false,&quot;isOpen&quot;:[]}\" data-wp-interactive=\"woocommerce\/accordion\" class=\"wp-block-woocommerce-accordion-group is-layout-flow wp-block-accordion-group-is-layout-flow\">\n<div data-block-name=\"woocommerce\/accordion-item\" data-wp-class--is-open=\"state.isOpen\" data-wp-context=\"{&quot;id&quot;:&quot;woocommerce-accordion-item-5&quot;,&quot;openByDefault&quot;:false}\" data-wp-init=\"callbacks.initIsOpen\" class=\"wp-block-woocommerce-accordion-item is-layout-flow wp-block-accordion-item-is-layout-flow\">\n<h3 data-block-name=\"woocommerce\/accordion-header\" data-level=\"4\" data-style=\"{&quot;elements&quot;:{&quot;link&quot;:{&quot;color&quot;:{&quot;text&quot;:&quot;var:preset|color|ast-global-color-0&quot;}}}}\" data-text-color=\"ast-global-color-0\" class=\"wp-block-woocommerce-accordion-header has-ast-global-color-0-color has-text-color has-link-color accordion-item__heading wp-elements-c3528717af6b73d14507efcb4e96fc50 is-layout-flow wp-block-accordion-header-is-layout-flow\"><button aria-expanded=\"false\" aria-controls=\"woocommerce-accordion-item-5-panel\" data-wp-bind--aria-expanded=\"state.isOpen\" data-wp-on--click=\"actions.toggle\" id=\"woocommerce-accordion-item-5\" class=\"accordion-item__toggle\">Desayuno lento de fin de semana<\/button><\/h3>\n\n<div inert aria-labelledby=\"woocommerce-accordion-item-5\" data-wp-bind--inert=\"!state.isOpen\" id=\"woocommerce-accordion-item-5-panel\" role=\"region\" data-block-name=\"woocommerce\/accordion-panel\" class=\"wp-block-woocommerce-accordion-panel\">\n<div class=\"accordion-content__wrapper is-layout-flow wp-block-accordion-panel-is-layout-flow\">\n<p>Este es uno de mis favoritos. Suelen ser parejas, familias o peque\u00f1os grupos que han decidido que el s\u00e1bado o el domingo se respetan: nada de despertadores agresivos, nada de carreras.<\/p>\n\n<p>En este tipo de <strong>desayunos a domicilio en Mallorca<\/strong>, llego con calma, mientras la casa a\u00fan est\u00e1 medio en silencio. Poco a poco la cocina se llena de olor a caf\u00e9 reci\u00e9n molido, a pan en el horno, a mantequilla derriti\u00e9ndose en una sart\u00e9n. Preparo una mesa en la que conviven:<\/p>\n\n<ul class=\"wp-block-list\">\n<li><em>Panes variados y tostadas con diferentes toppings.<\/em><\/li>\n\n<li><em>Huevos preparados al gusto (poch\u00e9, revueltos, en tortilla fina\u2026).<\/em><\/li>\n\n<li><em>Frutas de temporada cortadas con mimo.<\/em><\/li>\n\n<li><em>Yogures con granola casera, frutos secos y miel.<\/em><\/li>\n\n<li><em>Alguna pieza de boller\u00eda o dulce casero que cierre el conjunto.<\/em><\/li>\n<\/ul>\n\n<p>Lo bonito de estos desayunos es el ritmo: nadie tiene prisa. Se habla, se repite, se vuelve al caf\u00e9, se a\u00f1ade un poquito m\u00e1s de algo\u2026 y el tiempo parece ensancharse.<\/p>\n<\/div>\n<\/div>\n<\/div>\n\n<div data-block-name=\"woocommerce\/accordion-item\" data-wp-class--is-open=\"state.isOpen\" data-wp-context=\"{&quot;id&quot;:&quot;woocommerce-accordion-item-6&quot;,&quot;openByDefault&quot;:false}\" data-wp-init=\"callbacks.initIsOpen\" class=\"wp-block-woocommerce-accordion-item is-layout-flow wp-block-accordion-item-is-layout-flow\">\n<h3 data-block-name=\"woocommerce\/accordion-header\" data-level=\"4\" data-style=\"{&quot;elements&quot;:{&quot;link&quot;:{&quot;color&quot;:{&quot;text&quot;:&quot;var:preset|color|ast-global-color-0&quot;}}}}\" data-text-color=\"ast-global-color-0\" class=\"wp-block-woocommerce-accordion-header has-ast-global-color-0-color has-text-color has-link-color accordion-item__heading wp-elements-cf5a2c25094f69c4ad589dc59f3680fe is-layout-flow wp-block-accordion-header-is-layout-flow\"><button aria-expanded=\"false\" aria-controls=\"woocommerce-accordion-item-6-panel\" data-wp-bind--aria-expanded=\"state.isOpen\" data-wp-on--click=\"actions.toggle\" id=\"woocommerce-accordion-item-6\" class=\"accordion-item__toggle\">Desayuno sorpresa rom\u00e1ntico<\/button><\/h3>\n\n<div inert aria-labelledby=\"woocommerce-accordion-item-6\" data-wp-bind--inert=\"!state.isOpen\" id=\"woocommerce-accordion-item-6-panel\" role=\"region\" data-block-name=\"woocommerce\/accordion-panel\" class=\"wp-block-woocommerce-accordion-panel\">\n<div class=\"accordion-content__wrapper is-layout-flow wp-block-accordion-panel-is-layout-flow\">\n<p>Tambi\u00e9n preparo <strong>desayunos a domicilio en Mallorca<\/strong> para sorprender a alguien: un cumplea\u00f1os, un aniversario, una celebraci\u00f3n \u00edntima. Aqu\u00ed el objetivo no es solo alimentar, sino decir \u201cte he preparado algo especial\u201d a trav\u00e9s de cada plato.<\/p>\n\n<p>En estos casos cuido todav\u00eda m\u00e1s la presentaci\u00f3n: flores, peque\u00f1os detalles en la vajilla, chocolates colocados casi como una nota secreta, fruta cortada de forma especialmente bonita, alg\u00fan plato caliente que llegue a la mesa en el momento justo. Pienso el men\u00fa como una declaraci\u00f3n en varios actos, donde cada bocado es una forma de decir \u201choy quer\u00eda que tu ma\u00f1ana fuera diferente\u201d.<\/p>\n<\/div>\n<\/div>\n<\/div>\n<\/div>\n\n<div data-block-name=\"woocommerce\/accordion-group\" data-wp-context=\"{&quot;autoclose&quot;:false,&quot;isOpen&quot;:[]}\" data-wp-interactive=\"woocommerce\/accordion\" class=\"wp-block-woocommerce-accordion-group is-layout-flow wp-block-accordion-group-is-layout-flow\">\n<div data-block-name=\"woocommerce\/accordion-item\" data-wp-class--is-open=\"state.isOpen\" data-wp-context=\"{&quot;id&quot;:&quot;woocommerce-accordion-item-7&quot;,&quot;openByDefault&quot;:false}\" data-wp-init=\"callbacks.initIsOpen\" class=\"wp-block-woocommerce-accordion-item is-layout-flow wp-block-accordion-item-is-layout-flow\">\n<h3 data-block-name=\"woocommerce\/accordion-header\" data-level=\"4\" data-style=\"{&quot;elements&quot;:{&quot;link&quot;:{&quot;color&quot;:{&quot;text&quot;:&quot;var:preset|color|ast-global-color-0&quot;}}}}\" data-text-color=\"ast-global-color-0\" class=\"wp-block-woocommerce-accordion-header has-ast-global-color-0-color has-text-color has-link-color accordion-item__heading wp-elements-32768ad05c8800ee5846704af4a8e1d1 is-layout-flow wp-block-accordion-header-is-layout-flow\"><button aria-expanded=\"false\" aria-controls=\"woocommerce-accordion-item-7-panel\" data-wp-bind--aria-expanded=\"state.isOpen\" data-wp-on--click=\"actions.toggle\" id=\"woocommerce-accordion-item-7\" class=\"accordion-item__toggle\">Brunch-taller en casa<\/button><\/h3>\n\n<div inert aria-labelledby=\"woocommerce-accordion-item-7\" data-wp-bind--inert=\"!state.isOpen\" id=\"woocommerce-accordion-item-7-panel\" role=\"region\" data-block-name=\"woocommerce\/accordion-panel\" class=\"wp-block-woocommerce-accordion-panel\">\n<div class=\"accordion-content__wrapper is-layout-flow wp-block-accordion-panel-is-layout-flow\">\n<p>Hay grupos que no solo quieren desayunar, quieren aprender. Para ellos dise\u00f1o una experiencia a medio camino entre curso y desayuno largo. Es lo que yo llamo un brunch-taller.<\/p>\n\n<p>En este formato, mientras preparamos el brunch, voy explicando t\u00e9cnicas, trucos, peque\u00f1os secretos: c\u00f3mo conseguir un huevo poch\u00e9 perfecto, c\u00f3mo preparar una crema untable casera, c\u00f3mo darle un toque diferente a unas tostadas, c\u00f3mo hornear una pieza de reposter\u00eda sencilla pero espectacular.<\/p>\n\n<p>Al final, el resultado es doble: por un lado, disfrutan de un brunch abundante y equilibrado; por otro, se llevan ideas para reproducir algunas de esas cosas en su d\u00eda a d\u00eda. Dentro de mis <strong>desayunos a domicilio en Mallorca<\/strong>, este es uno de los servicios m\u00e1s din\u00e1micos y divertidos.<\/p>\n<\/div>\n<\/div>\n<\/div>\n\n<div data-block-name=\"woocommerce\/accordion-item\" data-wp-class--is-open=\"state.isOpen\" data-wp-context=\"{&quot;id&quot;:&quot;woocommerce-accordion-item-8&quot;,&quot;openByDefault&quot;:false}\" data-wp-init=\"callbacks.initIsOpen\" class=\"wp-block-woocommerce-accordion-item is-layout-flow wp-block-accordion-item-is-layout-flow\">\n<h3 data-block-name=\"woocommerce\/accordion-header\" data-level=\"4\" data-style=\"{&quot;elements&quot;:{&quot;link&quot;:{&quot;color&quot;:{&quot;text&quot;:&quot;var:preset|color|ast-global-color-0&quot;}}}}\" data-text-color=\"ast-global-color-0\" class=\"wp-block-woocommerce-accordion-header has-ast-global-color-0-color has-text-color has-link-color accordion-item__heading wp-elements-1f64981d951e56c01a370b44bc976414 is-layout-flow wp-block-accordion-header-is-layout-flow\"><button aria-expanded=\"false\" aria-controls=\"woocommerce-accordion-item-8-panel\" data-wp-bind--aria-expanded=\"state.isOpen\" data-wp-on--click=\"actions.toggle\" id=\"woocommerce-accordion-item-8\" class=\"accordion-item__toggle\">Desayunos corporativos y creativos<\/button><\/h3>\n\n<div inert aria-labelledby=\"woocommerce-accordion-item-8\" data-wp-bind--inert=\"!state.isOpen\" id=\"woocommerce-accordion-item-8-panel\" role=\"region\" data-block-name=\"woocommerce\/accordion-panel\" class=\"wp-block-woocommerce-accordion-panel\">\n<div class=\"accordion-content__wrapper is-layout-flow wp-block-accordion-panel-is-layout-flow\">\n<p>Otra vertiente son los desayunos para empresas: peque\u00f1as reuniones, jornadas de trabajo, encuentros de equipo. Aqu\u00ed el reto es encontrar el punto justo entre lo pr\u00e1ctico y lo especial.<\/p>\n\n<p>Dise\u00f1o mesas que se puedan ir picando sin interrumpir demasiado la din\u00e1mica de la reuni\u00f3n, pero que a la vez se sientan cuidadas: bocados salados bien hechos, opciones dulces elegantes, fruta, caf\u00e9s y t\u00e9s variados, peque\u00f1os caprichos que sacan una sonrisa incluso en medio de una charla seria. Estos <strong>desayunos a domicilio en Mallorca<\/strong> demuestran que tambi\u00e9n se puede trabajar mejor cuando se cuida c\u00f3mo empieza el d\u00eda.<\/p>\n<\/div>\n<\/div>\n<\/div>\n<\/div>\n\n<h3 class=\"wp-block-heading\">\u00a0<\/h3>\n<hr class=\"wp-block-separator has-text-color has-ast-global-color-0-color has-alpha-channel-opacity has-ast-global-color-0-background-color has-background\" \/>\n<h3 class=\"wp-block-heading\"><em>El caf\u00e9<\/em>: el hilo conductor de la ma\u00f1ana<\/h3>\n\n<p>No puedo hablar de desayunos sin hablar del caf\u00e9. Para m\u00ed, es mucho m\u00e1s que una bebida: es un hilo conductor que atraviesa toda la experiencia. En mis <strong>desayunos a domicilio en Mallorca<\/strong>, el caf\u00e9 no es un \u201cextra\u201d, es parte central del guion.<\/p>\n\n<p><a href=\"https:\/\/www.lavanguardia.com\/magazine\/bienestar\/20251108\/11244786\/colombia-etiopia-seleccion-mejores-cafes-grano-disfrutar-momento-dia-epm.html\" target=\"_blank\" rel=\"noreferrer noopener\">Me gusta servirlo en el punto justo<\/a>: ni quemado ni tibio, con cuerpo, con aroma. Ese primer sorbo que te despierta es casi un peque\u00f1o ritual. A veces lo acompa\u00f1o de leche espumada, otras de hielo en verano, otras de una mezcla con especias suaves, seg\u00fan el gusto de quien desayuna. Lo importante es que cada taza acompa\u00f1e el ritmo de la ma\u00f1ana: el primer caf\u00e9 para abrir los ojos, el segundo para alargar la conversaci\u00f3n, quiz\u00e1 un tercero m\u00e1s suave solo por puro placer.<\/p>\n\n<p>Cada sorbo, bien hecho, revitaliza. Es como subir un poco el fuego del guiso: de repente todo tiene m\u00e1s vida.<\/p>\n<hr class=\"wp-block-separator has-text-color has-ast-global-color-0-color has-alpha-channel-opacity has-ast-global-color-0-background-color has-background\" \/>\n<h2 class=\"wp-block-heading has-text-align-center\">C\u00f3mo es una ma\u00f1ana conmigo como chef privado<\/h2>\n\n<p>Quiero que te imagines una ma\u00f1ana t\u00edpica de <strong>desayunos a domicilio en Mallorca<\/strong> conmigo.<\/p>\n\n<p>Llego cuando a\u00fan el d\u00eda est\u00e1 desperez\u00e1ndose. Entro en silencio, saludo, reviso la cocina y empiezo a organizarme. Mientras t\u00fa te duchas o terminas de despertar, yo ya estoy cortando fruta, horneando pan, preparando masas, preparando el caf\u00e9.<\/p>\n\n<p>La casa se llena poco a poco de olores: caf\u00e9, vainilla, pan, frutas c\u00edtricas. Si hay ni\u00f1os, suelen asomarse curiosos a ver qu\u00e9 se est\u00e1 cociendo. Si es una pareja, uno suele aparecer primero, medio dormido, y despu\u00e9s el otro, ya guiado por el aroma a desayuno.<\/p>\n\n<p>Voy sacando platos a la mesa como si fuera un desfile: primero algo ligero, luego lo m\u00e1s contundente, despu\u00e9s ese toque dulce que nadie hab\u00eda pedido pero que todos agradecen. Cuando os sent\u00e1is, yo sigo movi\u00e9ndome en la cocina: relleno tazas, repongo platos, ajusto tiempos para que nada llegue fr\u00edo.<\/p>\n\n<p>Cuando termin\u00e1is, recojo, limpio, dejo la cocina ordenada. Lo bonito de este trabajo es que, al irme, s\u00e9 que he formado parte de la mejor parte del d\u00eda: el comienzo.<\/p>\n<hr class=\"wp-block-separator has-text-color has-ast-global-color-0-color has-alpha-channel-opacity has-ast-global-color-0-background-color has-background is-style-dots\" \/>\n<h2 class=\"wp-block-heading\">Lo que te llevas de un desayuno gourmet a domicilio<\/h2>\n\n<p>Al final, m\u00e1s all\u00e1 de lo que hay en el plato, lo que busco con mis <strong>desayunos a domicilio en Mallorca<\/strong> es que te lleves sensaciones:<\/p>\n\n<ul class=\"wp-block-list\">\n<li><em>La de haber empezado el d\u00eda con calma.<\/em><\/li>\n\n<li><em>La de haberte sentido cuidado.<\/em><\/li>\n\n<li><em>La de haber disfrutado de algo rico sin tener que mover un dedo.<\/em><\/li>\n\n<li><em>La de haber compartido la ma\u00f1ana con quienes quieres, sin prisas ni distracciones.<\/em><\/li>\n<\/ul>\n\n<p>Algunas personas me cuentan despu\u00e9s que, al d\u00eda siguiente, echan de menos esa mesa llena de detalles. Otros se animan a incorporar alguna de las ideas a sus desayunos diarios. Para m\u00ed, eso es el mejor indicador: que el desayuno no se haya quedado solo en una an\u00e9cdota, sino que haya dejado un peque\u00f1o rastro en tu forma de vivir las ma\u00f1anas.<\/p>\n<hr class=\"wp-block-separator has-text-color has-ast-global-color-0-color has-alpha-channel-opacity has-ast-global-color-0-background-color has-background\" \/>\n<h2 class=\"wp-block-heading has-text-align-center\">Conclusi\u00f3n: tus pr\u00f3ximos desayunos a domicilio en Mallorca<\/h2>\n\n<p>Podr\u00eda decirte que mis <strong>desayunos a domicilio en Mallorca<\/strong> son \u201cgourmet\u201d, \u201cexclusivos\u201d o \u201cdiferentes\u201d, pero prefiero explic\u00e1rtelo de otra forma: son desayunos pensados para que, durante un rato, el mundo se pare y el d\u00eda empiece por ti, no por las prisas.<\/p>\n\n<p>Como chef privado, mi misi\u00f3n es que tu casa sea, aunque solo sea por una ma\u00f1ana, el mejor lugar del mundo para tomar un caf\u00e9, una tostada y un bocado dulce. Que tu mesa se convierta en ese rinc\u00f3n donde la vida va un poco m\u00e1s despacio, donde cada bocado tiene sabor y cada sorbo de caf\u00e9 te devuelve un poco m\u00e1s a ti mismo.<\/p>\n\n<p>Si alg\u00fan d\u00eda decides que tu ma\u00f1ana merece ser celebrada, no har\u00e1 falta ir a ning\u00fan sitio: bastar\u00e1 con que me dejes entrar en tu cocina y nos pongamos, juntos, a cocinar el mejor comienzo posible para tu d\u00eda.<\/p>\n\n<figure class=\"wp-block-image alignright size-full is-resized\"><img decoding=\"async\" width=\"928\" height=\"571\" class=\"wp-image-2658\" style=\"width: 205px; height: auto;\" src=\"https:\/\/somoscanayas.com\/wp-content\/uploads\/2024\/01\/Logo-Canayas-Negativo-e1706182518521.png\" alt=\"Logo Canayas Negativo\" srcset=\"https:\/\/somoscanayas.com\/wp-content\/uploads\/2024\/01\/Logo-Canayas-Negativo-e1706182518521.png 928w, https:\/\/somoscanayas.com\/wp-content\/uploads\/2024\/01\/Logo-Canayas-Negativo-e1706182518521-300x185.png 300w, https:\/\/somoscanayas.com\/wp-content\/uploads\/2024\/01\/Logo-Canayas-Negativo-e1706182518521-768x473.png 768w, https:\/\/somoscanayas.com\/wp-content\/uploads\/2024\/01\/Logo-Canayas-Negativo-e1706182518521-18x12.png 18w, https:\/\/somoscanayas.com\/wp-content\/uploads\/2024\/01\/Logo-Canayas-Negativo-e1706182518521-600x369.png 600w, https:\/\/somoscanayas.com\/wp-content\/uploads\/2024\/01\/Logo-Canayas-Negativo-e1706182518521-224x138.png 224w\" sizes=\"(max-width: 928px) 100vw, 928px\" \/><\/figure>\n\n<div class=\"wp-block-buttons is-content-justification-center is-layout-flex wp-container-core-buttons-is-layout-a89b3969 wp-block-buttons-is-layout-flex\">\n<div class=\"wp-block-button\"><a class=\"wp-block-button__link wp-element-button\" href=\"https:\/\/somoscanayas.com\/en\/contacto\/?v=073cc70932ad\">CONTACT<\/a><\/div>\n<\/div>\n\t\t\t\t\t\t\t\t<\/div>\n\t\t\t\t<\/div>\n\t\t\t\t\t<\/div>\n\t\t<\/div>\n\t\t\t\t\t<\/div>\n\t\t<\/section>\n\t\t\t\t<\/div>","protected":false},"excerpt":{"rendered":"<p>Desayunos gourmet a domicilio en Mallorca con un chef privado Hay d\u00edas que empiezan a toda prisa, con un caf\u00e9 mal tomado y una tostada a medias. Y luego est\u00e1n esos otros d\u00edas, los que se saborean desde el primer sorbo, en los que la ma\u00f1ana tiene aroma a pan reci\u00e9n hecho, fruta fresca y [&hellip;]<\/p>\n","protected":false},"author":1,"featured_media":3164,"comment_status":"open","ping_status":"closed","sticky":false,"template":"","format":"standard","meta":{"site-sidebar-layout":"default","site-content-layout":"","ast-site-content-layout":"default","site-content-style":"default","site-sidebar-style":"default","ast-global-header-display":"","ast-banner-title-visibility":"","ast-main-header-display":"","ast-hfb-above-header-display":"","ast-hfb-below-header-display":"","ast-hfb-mobile-header-display":"","site-post-title":"","ast-breadcrumbs-content":"","ast-featured-img":"","footer-sml-layout":"","ast-disable-related-posts":"","theme-transparent-header-meta":"","adv-header-id-meta":"","stick-header-meta":"","header-above-stick-meta":"","header-main-stick-meta":"","header-below-stick-meta":"","astra-migrate-meta-layouts":"set","ast-page-background-enabled":"default","ast-page-background-meta":{"desktop":{"background-color":"","background-image":"","background-repeat":"repeat","background-position":"center center","background-size":"auto","background-attachment":"scroll","background-type":"","background-media":"","overlay-type":"","overlay-color":"","overlay-opacity":"","overlay-gradient":""},"tablet":{"background-color":"","background-image":"","background-repeat":"repeat","background-position":"center center","background-size":"auto","background-attachment":"scroll","background-type":"","background-media":"","overlay-type":"","overlay-color":"","overlay-opacity":"","overlay-gradient":""},"mobile":{"background-color":"","background-image":"","background-repeat":"repeat","background-position":"center center","background-size":"auto","background-attachment":"scroll","background-type":"","background-media":"","overlay-type":"","overlay-color":"","overlay-opacity":"","overlay-gradient":""}},"ast-content-background-meta":{"desktop":{"background-color":"var(--ast-global-color-5)","background-image":"","background-repeat":"repeat","background-position":"center center","background-size":"auto","background-attachment":"scroll","background-type":"","background-media":"","overlay-type":"","overlay-color":"","overlay-opacity":"","overlay-gradient":""},"tablet":{"background-color":"var(--ast-global-color-5)","background-image":"","background-repeat":"repeat","background-position":"center center","background-size":"auto","background-attachment":"scroll","background-type":"","background-media":"","overlay-type":"","overlay-color":"","overlay-opacity":"","overlay-gradient":""},"mobile":{"background-color":"var(--ast-global-color-5)","background-image":"","background-repeat":"repeat","background-position":"center center","background-size":"auto","background-attachment":"scroll","background-type":"","background-media":"","overlay-type":"","overlay-color":"","overlay-opacity":"","overlay-gradient":""}},"footnotes":""},"categories":[39],"tags":[54,37,52,53,55],"class_list":["post-4399","post","type-post","status-publish","format-standard","has-post-thumbnail","hentry","category-blog","tag-brunch-a-domicilio-mallorca","tag-chef-privado-mallorca","tag-desayuno-gourmet-mallorca","tag-desayunos-a-domicilio-en-mallorca","tag-experiencia-gastronomica-matutina"],"yoast_head":"<!-- This site is optimized with the Yoast SEO plugin v27.4 - https:\/\/yoast.com\/product\/yoast-seo-wordpress\/ -->\n<title>Desayunos gourmet a domicilio en Mallorca con un chef privado - Canayas by Chef Jarauta<\/title>\n<meta name=\"description\" content=\"Desayunos a domicilio en Mallorca con chef privado: empieza el d\u00eda con calma, sabor y equilibrio en cada bocado gourmet, \u00fanico y memorable.\" \/>\n<meta name=\"robots\" content=\"index, follow, max-snippet:-1, max-image-preview:large, max-video-preview:-1\" \/>\n<link rel=\"canonical\" href=\"https:\/\/somoscanayas.com\/en\/desayunos-gourmet-a-domicilio-en-mallorca-con-un-chef-privado\/\" \/>\n<meta property=\"og:locale\" content=\"en_GB\" \/>\n<meta property=\"og:type\" content=\"article\" \/>\n<meta property=\"og:title\" content=\"Desayunos gourmet a domicilio en Mallorca con un chef privado - Canayas by Chef Jarauta\" \/>\n<meta property=\"og:description\" content=\"Desayunos a domicilio en Mallorca con chef privado: empieza el d\u00eda con calma, sabor y equilibrio en cada bocado gourmet, \u00fanico y memorable.\" \/>\n<meta property=\"og:url\" content=\"https:\/\/somoscanayas.com\/en\/desayunos-gourmet-a-domicilio-en-mallorca-con-un-chef-privado\/\" \/>\n<meta property=\"og:site_name\" content=\"Canayas by Chef Jarauta\" \/>\n<meta property=\"article:published_time\" content=\"2026-01-26T12:01:39+00:00\" \/>\n<meta property=\"article:modified_time\" content=\"2026-02-13T09:35:23+00:00\" \/>\n<meta property=\"og:image\" content=\"https:\/\/somoscanayas.com\/wp-content\/uploads\/2024\/04\/desayuno-healthy-con-aguacate-y-huevo.jpg\" \/>\n\t<meta property=\"og:image:width\" content=\"1250\" \/>\n\t<meta property=\"og:image:height\" content=\"881\" \/>\n\t<meta property=\"og:image:type\" content=\"image\/jpeg\" \/>\n<meta name=\"author\" content=\"admin\" \/>\n<meta name=\"twitter:card\" content=\"summary_large_image\" \/>\n<meta name=\"twitter:label1\" content=\"Written by\" \/>\n\t<meta name=\"twitter:data1\" content=\"admin\" \/>\n\t<meta name=\"twitter:label2\" content=\"Estimated reading time\" \/>\n\t<meta name=\"twitter:data2\" content=\"9 minutes\" \/>\n<script type=\"application\/ld+json\" class=\"yoast-schema-graph\">{\"@context\":\"https:\\\/\\\/schema.org\",\"@graph\":[{\"@type\":\"Article\",\"@id\":\"https:\\\/\\\/somoscanayas.com\\\/desayunos-gourmet-a-domicilio-en-mallorca-con-un-chef-privado\\\/#article\",\"isPartOf\":{\"@id\":\"https:\\\/\\\/somoscanayas.com\\\/desayunos-gourmet-a-domicilio-en-mallorca-con-un-chef-privado\\\/\"},\"author\":{\"name\":\"admin\",\"@id\":\"https:\\\/\\\/somoscanayas.com\\\/#\\\/schema\\\/person\\\/4103724c64f4fdacdc29a0886aec47bb\"},\"headline\":\"Desayunos gourmet a domicilio en Mallorca con un chef privado\",\"datePublished\":\"2026-01-26T12:01:39+00:00\",\"dateModified\":\"2026-02-13T09:35:23+00:00\",\"mainEntityOfPage\":{\"@id\":\"https:\\\/\\\/somoscanayas.com\\\/desayunos-gourmet-a-domicilio-en-mallorca-con-un-chef-privado\\\/\"},\"wordCount\":1846,\"commentCount\":0,\"publisher\":{\"@id\":\"https:\\\/\\\/somoscanayas.com\\\/#organization\"},\"image\":{\"@id\":\"https:\\\/\\\/somoscanayas.com\\\/desayunos-gourmet-a-domicilio-en-mallorca-con-un-chef-privado\\\/#primaryimage\"},\"thumbnailUrl\":\"https:\\\/\\\/somoscanayas.com\\\/wp-content\\\/uploads\\\/2024\\\/04\\\/desayuno-healthy-con-aguacate-y-huevo.jpg\",\"keywords\":[\"brunch a domicilio Mallorca\",\"chef privado Mallorca\",\"desayuno gourmet Mallorca\",\"desayunos a domicilio en Mallorca\",\"experiencia gastron\u00f3mica matutina\"],\"articleSection\":[\"Blog\"],\"inLanguage\":\"en-GB\",\"potentialAction\":[{\"@type\":\"CommentAction\",\"name\":\"Comment\",\"target\":[\"https:\\\/\\\/somoscanayas.com\\\/desayunos-gourmet-a-domicilio-en-mallorca-con-un-chef-privado\\\/#respond\"]}]},{\"@type\":\"WebPage\",\"@id\":\"https:\\\/\\\/somoscanayas.com\\\/desayunos-gourmet-a-domicilio-en-mallorca-con-un-chef-privado\\\/\",\"url\":\"https:\\\/\\\/somoscanayas.com\\\/desayunos-gourmet-a-domicilio-en-mallorca-con-un-chef-privado\\\/\",\"name\":\"Desayunos gourmet a domicilio en Mallorca con un chef privado - Canayas by Chef Jarauta\",\"isPartOf\":{\"@id\":\"https:\\\/\\\/somoscanayas.com\\\/#website\"},\"primaryImageOfPage\":{\"@id\":\"https:\\\/\\\/somoscanayas.com\\\/desayunos-gourmet-a-domicilio-en-mallorca-con-un-chef-privado\\\/#primaryimage\"},\"image\":{\"@id\":\"https:\\\/\\\/somoscanayas.com\\\/desayunos-gourmet-a-domicilio-en-mallorca-con-un-chef-privado\\\/#primaryimage\"},\"thumbnailUrl\":\"https:\\\/\\\/somoscanayas.com\\\/wp-content\\\/uploads\\\/2024\\\/04\\\/desayuno-healthy-con-aguacate-y-huevo.jpg\",\"datePublished\":\"2026-01-26T12:01:39+00:00\",\"dateModified\":\"2026-02-13T09:35:23+00:00\",\"description\":\"Desayunos a domicilio en Mallorca con chef privado: empieza el d\u00eda con calma, sabor y equilibrio en cada bocado gourmet, \u00fanico y memorable.\",\"breadcrumb\":{\"@id\":\"https:\\\/\\\/somoscanayas.com\\\/desayunos-gourmet-a-domicilio-en-mallorca-con-un-chef-privado\\\/#breadcrumb\"},\"inLanguage\":\"en-GB\",\"potentialAction\":[{\"@type\":\"ReadAction\",\"target\":[\"https:\\\/\\\/somoscanayas.com\\\/desayunos-gourmet-a-domicilio-en-mallorca-con-un-chef-privado\\\/\"]}]},{\"@type\":\"ImageObject\",\"inLanguage\":\"en-GB\",\"@id\":\"https:\\\/\\\/somoscanayas.com\\\/desayunos-gourmet-a-domicilio-en-mallorca-con-un-chef-privado\\\/#primaryimage\",\"url\":\"https:\\\/\\\/somoscanayas.com\\\/wp-content\\\/uploads\\\/2024\\\/04\\\/desayuno-healthy-con-aguacate-y-huevo.jpg\",\"contentUrl\":\"https:\\\/\\\/somoscanayas.com\\\/wp-content\\\/uploads\\\/2024\\\/04\\\/desayuno-healthy-con-aguacate-y-huevo.jpg\",\"width\":1250,\"height\":881,\"caption\":\"desayuno healthy con aguacate y huevo\"},{\"@type\":\"BreadcrumbList\",\"@id\":\"https:\\\/\\\/somoscanayas.com\\\/desayunos-gourmet-a-domicilio-en-mallorca-con-un-chef-privado\\\/#breadcrumb\",\"itemListElement\":[{\"@type\":\"ListItem\",\"position\":1,\"name\":\"Home\",\"item\":\"https:\\\/\\\/somoscanayas.com\\\/\"},{\"@type\":\"ListItem\",\"position\":2,\"name\":\"Desayunos gourmet a domicilio en Mallorca con un chef privado\"}]},{\"@type\":\"WebSite\",\"@id\":\"https:\\\/\\\/somoscanayas.com\\\/#website\",\"url\":\"https:\\\/\\\/somoscanayas.com\\\/\",\"name\":\"Canayas by Chef Jarauta\",\"description\":\"Chef privado para eventos y servicios a domicilio en Mallorca\",\"publisher\":{\"@id\":\"https:\\\/\\\/somoscanayas.com\\\/#organization\"},\"potentialAction\":[{\"@type\":\"SearchAction\",\"target\":{\"@type\":\"EntryPoint\",\"urlTemplate\":\"https:\\\/\\\/somoscanayas.com\\\/?s={search_term_string}\"},\"query-input\":{\"@type\":\"PropertyValueSpecification\",\"valueRequired\":true,\"valueName\":\"search_term_string\"}}],\"inLanguage\":\"en-GB\"},{\"@type\":\"Organization\",\"@id\":\"https:\\\/\\\/somoscanayas.com\\\/#organization\",\"name\":\"Canayas bu Chef Jarauta\",\"url\":\"https:\\\/\\\/somoscanayas.com\\\/\",\"logo\":{\"@type\":\"ImageObject\",\"inLanguage\":\"en-GB\",\"@id\":\"https:\\\/\\\/somoscanayas.com\\\/#\\\/schema\\\/logo\\\/image\\\/\",\"url\":\"https:\\\/\\\/somoscanayas.com\\\/wp-content\\\/uploads\\\/2023\\\/11\\\/Logo-3-Canayas-e1700135464851.png\",\"contentUrl\":\"https:\\\/\\\/somoscanayas.com\\\/wp-content\\\/uploads\\\/2023\\\/11\\\/Logo-3-Canayas-e1700135464851.png\",\"width\":1000,\"height\":348,\"caption\":\"Canayas bu Chef Jarauta\"},\"image\":{\"@id\":\"https:\\\/\\\/somoscanayas.com\\\/#\\\/schema\\\/logo\\\/image\\\/\"}},{\"@type\":\"Person\",\"@id\":\"https:\\\/\\\/somoscanayas.com\\\/#\\\/schema\\\/person\\\/4103724c64f4fdacdc29a0886aec47bb\",\"name\":\"admin\",\"sameAs\":[\"https:\\\/\\\/somoscanayas.com\"],\"url\":\"https:\\\/\\\/somoscanayas.com\\\/en\\\/author\\\/markstar\\\/\"}]}<\/script>\n<!-- \/ Yoast SEO plugin. -->","yoast_head_json":{"title":"Desayunos gourmet a domicilio en Mallorca con un chef privado - Canayas by Chef Jarauta","description":"Desayunos a domicilio en Mallorca con chef privado: empieza el d\u00eda con calma, sabor y equilibrio en cada bocado gourmet, \u00fanico y memorable.","robots":{"index":"index","follow":"follow","max-snippet":"max-snippet:-1","max-image-preview":"max-image-preview:large","max-video-preview":"max-video-preview:-1"},"canonical":"https:\/\/somoscanayas.com\/en\/desayunos-gourmet-a-domicilio-en-mallorca-con-un-chef-privado\/","og_locale":"en_GB","og_type":"article","og_title":"Desayunos gourmet a domicilio en Mallorca con un chef privado - Canayas by Chef Jarauta","og_description":"Desayunos a domicilio en Mallorca con chef privado: empieza el d\u00eda con calma, sabor y equilibrio en cada bocado gourmet, \u00fanico y memorable.","og_url":"https:\/\/somoscanayas.com\/en\/desayunos-gourmet-a-domicilio-en-mallorca-con-un-chef-privado\/","og_site_name":"Canayas by Chef Jarauta","article_published_time":"2026-01-26T12:01:39+00:00","article_modified_time":"2026-02-13T09:35:23+00:00","og_image":[{"width":1250,"height":881,"url":"https:\/\/somoscanayas.com\/wp-content\/uploads\/2024\/04\/desayuno-healthy-con-aguacate-y-huevo.jpg","type":"image\/jpeg"}],"author":"admin","twitter_card":"summary_large_image","twitter_misc":{"Written by":"admin","Estimated reading time":"9 minutes"},"schema":{"@context":"https:\/\/schema.org","@graph":[{"@type":"Article","@id":"https:\/\/somoscanayas.com\/desayunos-gourmet-a-domicilio-en-mallorca-con-un-chef-privado\/#article","isPartOf":{"@id":"https:\/\/somoscanayas.com\/desayunos-gourmet-a-domicilio-en-mallorca-con-un-chef-privado\/"},"author":{"name":"admin","@id":"https:\/\/somoscanayas.com\/#\/schema\/person\/4103724c64f4fdacdc29a0886aec47bb"},"headline":"Desayunos gourmet a domicilio en Mallorca con un chef privado","datePublished":"2026-01-26T12:01:39+00:00","dateModified":"2026-02-13T09:35:23+00:00","mainEntityOfPage":{"@id":"https:\/\/somoscanayas.com\/desayunos-gourmet-a-domicilio-en-mallorca-con-un-chef-privado\/"},"wordCount":1846,"commentCount":0,"publisher":{"@id":"https:\/\/somoscanayas.com\/#organization"},"image":{"@id":"https:\/\/somoscanayas.com\/desayunos-gourmet-a-domicilio-en-mallorca-con-un-chef-privado\/#primaryimage"},"thumbnailUrl":"https:\/\/somoscanayas.com\/wp-content\/uploads\/2024\/04\/desayuno-healthy-con-aguacate-y-huevo.jpg","keywords":["brunch a domicilio Mallorca","chef privado Mallorca","desayuno gourmet Mallorca","desayunos a domicilio en Mallorca","experiencia gastron\u00f3mica matutina"],"articleSection":["Blog"],"inLanguage":"en-GB","potentialAction":[{"@type":"CommentAction","name":"Comment","target":["https:\/\/somoscanayas.com\/desayunos-gourmet-a-domicilio-en-mallorca-con-un-chef-privado\/#respond"]}]},{"@type":"WebPage","@id":"https:\/\/somoscanayas.com\/desayunos-gourmet-a-domicilio-en-mallorca-con-un-chef-privado\/","url":"https:\/\/somoscanayas.com\/desayunos-gourmet-a-domicilio-en-mallorca-con-un-chef-privado\/","name":"Desayunos gourmet a domicilio en Mallorca con un chef privado - Canayas by Chef Jarauta","isPartOf":{"@id":"https:\/\/somoscanayas.com\/#website"},"primaryImageOfPage":{"@id":"https:\/\/somoscanayas.com\/desayunos-gourmet-a-domicilio-en-mallorca-con-un-chef-privado\/#primaryimage"},"image":{"@id":"https:\/\/somoscanayas.com\/desayunos-gourmet-a-domicilio-en-mallorca-con-un-chef-privado\/#primaryimage"},"thumbnailUrl":"https:\/\/somoscanayas.com\/wp-content\/uploads\/2024\/04\/desayuno-healthy-con-aguacate-y-huevo.jpg","datePublished":"2026-01-26T12:01:39+00:00","dateModified":"2026-02-13T09:35:23+00:00","description":"Desayunos a domicilio en Mallorca con chef privado: empieza el d\u00eda con calma, sabor y equilibrio en cada bocado gourmet, \u00fanico y memorable.","breadcrumb":{"@id":"https:\/\/somoscanayas.com\/desayunos-gourmet-a-domicilio-en-mallorca-con-un-chef-privado\/#breadcrumb"},"inLanguage":"en-GB","potentialAction":[{"@type":"ReadAction","target":["https:\/\/somoscanayas.com\/desayunos-gourmet-a-domicilio-en-mallorca-con-un-chef-privado\/"]}]},{"@type":"ImageObject","inLanguage":"en-GB","@id":"https:\/\/somoscanayas.com\/desayunos-gourmet-a-domicilio-en-mallorca-con-un-chef-privado\/#primaryimage","url":"https:\/\/somoscanayas.com\/wp-content\/uploads\/2024\/04\/desayuno-healthy-con-aguacate-y-huevo.jpg","contentUrl":"https:\/\/somoscanayas.com\/wp-content\/uploads\/2024\/04\/desayuno-healthy-con-aguacate-y-huevo.jpg","width":1250,"height":881,"caption":"desayuno healthy con aguacate y huevo"},{"@type":"BreadcrumbList","@id":"https:\/\/somoscanayas.com\/desayunos-gourmet-a-domicilio-en-mallorca-con-un-chef-privado\/#breadcrumb","itemListElement":[{"@type":"ListItem","position":1,"name":"Home","item":"https:\/\/somoscanayas.com\/"},{"@type":"ListItem","position":2,"name":"Desayunos gourmet a domicilio en Mallorca con un chef privado"}]},{"@type":"WebSite","@id":"https:\/\/somoscanayas.com\/#website","url":"https:\/\/somoscanayas.com\/","name":"Canayas by Chef Jarauta","description":"Private chef for events and home services in Mallorca","publisher":{"@id":"https:\/\/somoscanayas.com\/#organization"},"potentialAction":[{"@type":"SearchAction","target":{"@type":"EntryPoint","urlTemplate":"https:\/\/somoscanayas.com\/?s={search_term_string}"},"query-input":{"@type":"PropertyValueSpecification","valueRequired":true,"valueName":"search_term_string"}}],"inLanguage":"en-GB"},{"@type":"Organization","@id":"https:\/\/somoscanayas.com\/#organization","name":"Canayas bu Chef Jarauta","url":"https:\/\/somoscanayas.com\/","logo":{"@type":"ImageObject","inLanguage":"en-GB","@id":"https:\/\/somoscanayas.com\/#\/schema\/logo\/image\/","url":"https:\/\/somoscanayas.com\/wp-content\/uploads\/2023\/11\/Logo-3-Canayas-e1700135464851.png","contentUrl":"https:\/\/somoscanayas.com\/wp-content\/uploads\/2023\/11\/Logo-3-Canayas-e1700135464851.png","width":1000,"height":348,"caption":"Canayas bu Chef Jarauta"},"image":{"@id":"https:\/\/somoscanayas.com\/#\/schema\/logo\/image\/"}},{"@type":"Person","@id":"https:\/\/somoscanayas.com\/#\/schema\/person\/4103724c64f4fdacdc29a0886aec47bb","name":"admin","sameAs":["https:\/\/somoscanayas.com"],"url":"https:\/\/somoscanayas.com\/en\/author\/markstar\/"}]}},"_links":{"self":[{"href":"https:\/\/somoscanayas.com\/en\/wp-json\/wp\/v2\/posts\/4399","targetHints":{"allow":["GET"]}}],"collection":[{"href":"https:\/\/somoscanayas.com\/en\/wp-json\/wp\/v2\/posts"}],"about":[{"href":"https:\/\/somoscanayas.com\/en\/wp-json\/wp\/v2\/types\/post"}],"author":[{"embeddable":true,"href":"https:\/\/somoscanayas.com\/en\/wp-json\/wp\/v2\/users\/1"}],"replies":[{"embeddable":true,"href":"https:\/\/somoscanayas.com\/en\/wp-json\/wp\/v2\/comments?post=4399"}],"version-history":[{"count":24,"href":"https:\/\/somoscanayas.com\/en\/wp-json\/wp\/v2\/posts\/4399\/revisions"}],"predecessor-version":[{"id":4832,"href":"https:\/\/somoscanayas.com\/en\/wp-json\/wp\/v2\/posts\/4399\/revisions\/4832"}],"wp:featuredmedia":[{"embeddable":true,"href":"https:\/\/somoscanayas.com\/en\/wp-json\/wp\/v2\/media\/3164"}],"wp:attachment":[{"href":"https:\/\/somoscanayas.com\/en\/wp-json\/wp\/v2\/media?parent=4399"}],"wp:term":[{"taxonomy":"category","embeddable":true,"href":"https:\/\/somoscanayas.com\/en\/wp-json\/wp\/v2\/categories?post=4399"},{"taxonomy":"post_tag","embeddable":true,"href":"https:\/\/somoscanayas.com\/en\/wp-json\/wp\/v2\/tags?post=4399"}],"curies":[{"name":"wp","href":"https:\/\/api.w.org\/{rel}","templated":true}]}}