{"id":4397,"date":"2026-01-14T17:20:50","date_gmt":"2026-01-14T17:20:50","guid":{"rendered":"https:\/\/somoscanayas.com\/?p=4397"},"modified":"2026-02-12T13:06:42","modified_gmt":"2026-02-12T13:06:42","slug":"comida-a-domicilio-en-palma-de-mallorca-chef-privado","status":"publish","type":"post","link":"https:\/\/somoscanayas.com\/en\/comida-a-domicilio-en-palma-de-mallorca-chef-privado\/","title":{"rendered":"Comida a domicilio en Palma de Mallorca | Chef privado"},"content":{"rendered":"<div data-elementor-type=\"wp-post\" data-elementor-id=\"4397\" class=\"elementor elementor-4397\">\n\t\t\t\t\t\t<section class=\"elementor-section elementor-top-section elementor-element elementor-element-b93051e elementor-section-boxed elementor-section-height-default elementor-section-height-default\" data-id=\"b93051e\" data-element_type=\"section\" data-e-type=\"section\">\n\t\t\t\t\t\t<div class=\"elementor-container elementor-column-gap-default\">\n\t\t\t\t\t<div class=\"elementor-column elementor-col-100 elementor-top-column elementor-element elementor-element-f24228e\" data-id=\"f24228e\" data-element_type=\"column\" data-e-type=\"column\">\n\t\t\t<div class=\"elementor-widget-wrap elementor-element-populated\">\n\t\t\t\t\t\t<div class=\"elementor-element elementor-element-67a38d2 elementor-widget elementor-widget-heading\" data-id=\"67a38d2\" data-element_type=\"widget\" data-e-type=\"widget\" data-widget_type=\"heading.default\">\n\t\t\t\t<div class=\"elementor-widget-container\">\n\t\t\t\t\t<h1 class=\"elementor-heading-title elementor-size-default\">Comida a domicilio en Palma de Mallorca | Chef privado<\/h1>\t\t\t\t<\/div>\n\t\t\t\t<\/div>\n\t\t\t\t<div class=\"elementor-element elementor-element-64381c35 elementor-widget elementor-widget-text-editor\" data-id=\"64381c35\" data-element_type=\"widget\" data-e-type=\"widget\" data-widget_type=\"text-editor.default\">\n\t\t\t\t<div class=\"elementor-widget-container\">\n\t\t\t\t\t\t\t\t\t\n<p class=\"has-ast-global-color-3-color has-text-color has-link-color wp-elements-9c318a2c7341a7647b2a4c5d9ea56fa9\"><span style=\"color: #000000;\">Si te digo \u201ccomida a domicilio\u201d, probablemente pienses en cajas de cart\u00f3n, bolsas t\u00e9rmicas y motos apuradas. Pero si te hablo de <strong>comida a domicilio en Palma de Mallorca<\/strong> desde la mirada de un chef privado, el escenario cambia por completo: tu casa se convierte en un peque\u00f1o restaurante, tu mesa en la mejor mesa del local y tu cocina en el coraz\u00f3n de una experiencia que se cocina a fuego lento, con calma y mucho cari\u00f1o.<\/span><\/p>\n\n<p>Te hablo en primera persona porque esta es mi forma de vivir la gastronom\u00eda: no solo como alguien que prepara platos, sino como quien dise\u00f1a momentos. Mi trabajo consiste en llevar la experiencia de un buen restaurante a tu hogar, ya sea para <strong>comidas y cenas<\/strong> o para <strong>desayunos y brunchs<\/strong>. Y en este art\u00edculo quiero contarte c\u00f3mo lo hago, c\u00f3mo se vive desde dentro y por qu\u00e9 esta forma de entender la comida a domicilio es algo muy distinto a lo que solemos imaginar.<\/p>\n\n<p>Como un buen guiso, vamos por partes: primero el sofrito, luego los ingredientes principales, y al final dejamos reposar la experiencia para que los sabores \u2013y los recuerdos\u2013 se asienten.<\/p>\n\n<figure class=\"wp-block-image aligncenter size-large is-resized\"><img fetchpriority=\"high\" decoding=\"async\" width=\"1024\" height=\"722\" class=\"wp-image-3175\" style=\"width: 598px; height: auto;\" src=\"https:\/\/somoscanayas.com\/wp-content\/uploads\/2024\/04\/desayuno-continental-completo-1024x722.jpg\" alt=\"Comida a domicilio en Palma de Mallorca\" srcset=\"https:\/\/somoscanayas.com\/wp-content\/uploads\/2024\/04\/desayuno-continental-completo-1024x722.jpg 1024w, https:\/\/somoscanayas.com\/wp-content\/uploads\/2024\/04\/desayuno-continental-completo-600x423.jpg 600w, https:\/\/somoscanayas.com\/wp-content\/uploads\/2024\/04\/desayuno-continental-completo-300x211.jpg 300w, https:\/\/somoscanayas.com\/wp-content\/uploads\/2024\/04\/desayuno-continental-completo-768x541.jpg 768w, https:\/\/somoscanayas.com\/wp-content\/uploads\/2024\/04\/desayuno-continental-completo.jpg 1250w\" sizes=\"(max-width: 1024px) 100vw, 1024px\" \/><\/figure>\n<hr class=\"wp-block-separator has-text-color has-ast-global-color-0-color has-alpha-channel-opacity has-ast-global-color-0-background-color has-background\" \/>\n<h2 class=\"wp-block-heading\">Cuando la comida a domicilio se convierte en experiencia<\/h2>\n\n<p>Para m\u00ed, ofrecer <strong>comida a domicilio en Palma de Mallorca<\/strong> no es \u201cmandar comida\u201d, es entrar en tu casa con respeto, transformar tu cocina durante unas horas y crear una experiencia que tenga sentido para ti y para los tuyos. No trabajo con men\u00fas est\u00e1ndar que salen en serie; trabajo con personas, historias, gustos y momentos \u00fanicos.<\/p>\n\n<p>Lo que diferencia este servicio de un reparto convencional no es solo el nivel culinario, sino el proceso. Antes de pensar en el primer plato, necesito saber qu\u00e9 est\u00e1is celebrando, qu\u00e9 tipo de ambiente quer\u00e9is, si os apetece algo m\u00e1s informal o m\u00e1s gastron\u00f3mico, si prefer\u00eds un men\u00fa fresco y ligero o algo m\u00e1s contundente, de esos que se pegan un poco al alma como un buen estofado de invierno.<\/p>\n\n<p class=\"has-link-color wp-elements-26cacb70c2c13f91f07be38b3c623c51\">Una cosa tengo clara: cuando alguien decide apostar por una experiencia de <strong>comida a domicilio en Palma de Mallorca<\/strong> con chef privado, <a href=\"https:\/\/somoscanayas.com\/en\/galeria\/?v=073cc70932ad\" target=\"_blank\" rel=\"noreferrer noopener\">est\u00e1 buscando algo m\u00e1s que \u201ccomer bien\u201d<\/a>. Est\u00e1 buscando vivir una velada diferente sin salir de casa, disfrutar como en un restaurante pero con la comodidad de estar descalzo, sin prisas, sin ruido, sin mesas de al lado.<\/p>\n<hr class=\"wp-block-separator has-text-color has-alpha-channel-opacity has-background\" style=\"background-color: #ce6200; color: #ce6200;\" \/>\n<h2 class=\"wp-block-heading\">As\u00ed dise\u00f1o tu experiencia de comida a domicilio en Palma de Mallorca<\/h2>\n\n<p>Igual que en cocina no se empieza un plato sin una buena mise en place, yo no empiezo ning\u00fan servicio sin una buena conversaci\u00f3n previa.<\/p>\n\n<h3 class=\"wp-block-heading\">La primera toma de contacto<\/h3>\n\n<p>Todo comienza con una charla. Quiero saber para qui\u00e9n es el servicio, qu\u00e9 esper\u00e1is de la experiencia, qu\u00e9 tipo de cocina os gusta y qu\u00e9 no puede faltar jam\u00e1s en vuestra mesa. Me interesa si hay alguien vegetariano, si a alguien no le gusta el picante, si hay alergias, si hay ni\u00f1os, si os apetece algo m\u00e1s cl\u00e1sico o quer\u00e9is que arriesguemos con sabores m\u00e1s atrevidos.<\/p>\n\n<p>En esta fase, yo voy \u201cprobando\u201d vuestro gusto igual que se prueba un caldo: a\u00f1ado matices, pregunto, rectifico. Poco a poco, vamos encontrando el punto.<\/p>\n\n<h3 class=\"wp-block-heading\">Dise\u00f1ar el men\u00fa: como escribir una historia con platos<\/h3>\n\n<p>Una vez entiendo lo que busc\u00e1is, empiezo a cocinar el men\u00fa sobre el papel. Para las <strong>comidas y cenas a domicilio<\/strong>, suelo plantear una estructura que tenga sentido, como un relato:<\/p>\n\n<ul class=\"wp-block-list\">\n<li><em>Un inicio que abra el apetito y la conversaci\u00f3n.<\/em><\/li>\n\n<li><em>Un desarrollo con uno o dos platos principales que hablen de vosotros y de la isla.<\/em><\/li>\n\n<li><em>Un final dulce que cierre la experiencia con calma.<\/em><\/li>\n<\/ul>\n\n<p>Cuando se trata de <strong>desayunos y brunchs a domicilio<\/strong>, la historia es distinta, m\u00e1s luminosa: platos que despiertan el d\u00eda poco a poco, que combinan energ\u00eda, placer y un punto de indulgencia. Lo suficiente para que el resto del d\u00eda sepa a domingo, aunque sea martes.<\/p>\n\n<p>Siempre trabajo con producto fresco y de temporada, buscando que cada plato tenga una raz\u00f3n de ser y no sea solo \u201calgo rico\u201d. Quiero que, cuando llegue a tu mesa, puedas intuir que detr\u00e1s de esa presentaci\u00f3n hay una idea y un proceso.<\/p>\n<hr class=\"wp-block-separator has-text-color has-alpha-channel-opacity has-background is-style-dots\" style=\"background-color: #ce6200; color: #ce6200;\" \/>\n<h2 class=\"wp-block-heading has-text-align-center has-background\" style=\"background-color: #cf640059;\"><em>Comidas y cenas a domicilio<\/em>: tu casa como restaurante privado<\/h2>\n\n<p>Uno de los servicios que m\u00e1s disfruto es el de <strong>comidas y cenas en Mallorca<\/strong> a domicilio. Ah\u00ed es donde la casa se transforma de verdad.<\/p>\n\n<p>Llego con tiempo para organizar la cocina, revisar el espacio, colocar utensilios y empezar a dar vida a los fondos, salsas y preparaciones. Mientras tanto, tal vez escucho vuestra m\u00fasica de fondo, noto el ambiente, veo c\u00f3mo se preparan los invitados. Es como llegar a un escenario antes de levantar el tel\u00f3n.<\/p>\n\n<h3 class=\"wp-block-heading\">Comidas relajadas y eventos especiales<\/h3>\n\n<figure class=\"wp-block-image alignleft size-large is-resized\"><img decoding=\"async\" class=\"alignnone wp-image-4529 size-medium\" style=\"width: 245px; height: auto;\" src=\"https:\/\/somoscanayas.com\/wp-content\/uploads\/2025\/12\/Ceviche-con-agua-de-tomate-e1766050022803-278x300.jpg\" alt=\"Ceviche con agua de tomate\" width=\"278\" height=\"300\" srcset=\"https:\/\/somoscanayas.com\/wp-content\/uploads\/2025\/12\/Ceviche-con-agua-de-tomate-e1766050022803-278x300.jpg 278w, https:\/\/somoscanayas.com\/wp-content\/uploads\/2025\/12\/Ceviche-con-agua-de-tomate-e1766050022803-11x12.jpg 11w, https:\/\/somoscanayas.com\/wp-content\/uploads\/2025\/12\/Ceviche-con-agua-de-tomate-e1766050022803.jpg 407w\" sizes=\"(max-width: 278px) 100vw, 278px\" \/><\/figure>\n\n<p><a href=\"https:\/\/somoscanayas.com\/en\/comidas-y-cenas-en-mallorca\/?v=073cc70932ad\" target=\"_blank\" rel=\"noreferrer noopener\">Las comidas a domicilio tienen un ritmo particular<\/a>. A veces son encuentros familiares, otras son celebraciones m\u00e1s formales. Lo que tienen en com\u00fan es que os permiten sentaros a la mesa sin haber pasado la ma\u00f1ana entera cocinando.<\/p>\n\n<p>En este tipo de <strong>comida a domicilio en Palma de Mallorca<\/strong>, preparo men\u00fas que pueden ir desde propuestas ligeras y mediterr\u00e1neas \u2013con verduras asadas, pescados frescos, arroces finos\u2013 hasta platos m\u00e1s contundentes para quienes disfrutan de los guisos, las carnes melosas o las cocciones largas.<\/p>\n\n<p>Mientras yo estoy entre fogones, vosotros pod\u00e9is dedicaros a lo importante: la conversaci\u00f3n, las risas, los brindis. Es como tener un restaurante entero concentrado en vuestra casa, pero con la tranquilidad de estar en vuestro propio entorno.<\/p>\n\n<h3 class=\"wp-block-heading\">Cenas que se quedan en la memoria<\/h3>\n\n<p>Las cenas a domicilio tienen algo casi m\u00e1gico. La luz baja un poco, la mesa se convierte en el centro del universo por unas horas, y cada plato ayuda a alargar la noche.<\/p>\n\n<p>Me gusta que las cenas tengan algo de sorpresa: un entrante que abra el paladar, un principal que lo abrace y un postre que deje esa sensaci\u00f3n de querer repetir la experiencia. A veces jugamos con sabores m\u00e1s intensos, otras con texturas delicadas; siempre con el objetivo de que al final sint\u00e1is que ha valido la pena quedarse en casa.<\/p>\n\n<p>En muchas ocasiones, al terminar una <strong>comida a domicilio en Palma de Mallorca<\/strong> por la noche, me dicen: \u201cHa sido como salir a cenar\u2026 pero mejor\u201d.<\/p>\n<hr class=\"wp-block-separator has-text-color has-ast-global-color-0-color has-alpha-channel-opacity has-ast-global-color-0-background-color has-background is-style-dots\" \/>\n<h2 class=\"wp-block-heading has-text-align-center has-background\" style=\"background-color: #cf640059;\"><em>Desayunos y brunchs a domicilio<\/em>: empezar el d\u00eda por todo lo alto<\/h2>\n\n<p>Si las comidas y cenas son como un buen guiso de tarde, los <strong>desayunos y brunchs en Mallorca<\/strong> son como una tostada reci\u00e9n hecha con mantequilla: sencillos a primera vista, pero capaces de cambiarte el d\u00eda.<\/p>\n\n<p><a href=\"https:\/\/somoscanayas.com\/en\/desayunos-y-brunchs\/?v=073cc70932ad\" target=\"_blank\" rel=\"noreferrer noopener\">Ofrecer desayunos y brunchs a domicilio <\/a>es una de esas ideas que empez\u00f3 casi como un experimento y se ha convertido en uno de mis servicios favoritos. Hay algo muy especial en empezar el d\u00eda sabiendo que el primer caf\u00e9, el primer bocado, la primera charla tranquila de la ma\u00f1ana est\u00e1n cuidados hasta el \u00faltimo detalle.<\/p>\n\n<h3 class=\"wp-block-heading\">Desayunos con mimo de hotel\u2026 pero en tu casa<\/h3>\n\n<figure class=\"wp-block-image alignleft size-large is-resized\"><img decoding=\"async\" class=\"alignnone wp-image-3048 size-medium\" style=\"width: 289px; height: auto;\" src=\"https:\/\/somoscanayas.com\/wp-content\/uploads\/2024\/04\/huevos-benedictinos-225x300.jpg\" alt=\"huevos benedictinos\" width=\"225\" height=\"300\" srcset=\"https:\/\/somoscanayas.com\/wp-content\/uploads\/2024\/04\/huevos-benedictinos-225x300.jpg 225w, https:\/\/somoscanayas.com\/wp-content\/uploads\/2024\/04\/huevos-benedictinos-600x800.jpg 600w, https:\/\/somoscanayas.com\/wp-content\/uploads\/2024\/04\/huevos-benedictinos-768x1024.jpg 768w, https:\/\/somoscanayas.com\/wp-content\/uploads\/2024\/04\/huevos-benedictinos.jpg 1080w\" sizes=\"(max-width: 225px) 100vw, 225px\" \/><\/figure>\n\n<p>En los desayunos a domicilio trabajo con una mezcla de cl\u00e1sicos bien hechos e ideas m\u00e1s creativas: panes calentitos, boller\u00eda artesana, fruta fresca cortada con cuidado, yogures con toppings crujientes, huevos en diferentes versiones, zumos naturales y peque\u00f1os gui\u00f1os salados que sorprenden.<\/p>\n\n<p>Todo se monta con una presentaci\u00f3n cuidada, como si tu comedor se hubiera convertido, por una ma\u00f1ana, en la sala de un hotel boutique. No se trata solo de llenar la mesa, sino de que al despertar tengas la sensaci\u00f3n de que el d\u00eda empieza de una forma especial.<\/p>\n\n<h4 class=\"wp-block-heading\">\u00a0<\/h4>\n<h3 class=\"wp-block-heading\">Brunchs largos de fin de semana<\/h3>\n\n<p>El brunch es, probablemente, la forma m\u00e1s \u201ccanalla\u201d de desayuno. No es ni una cosa ni la otra: no es un desayuno r\u00e1pido ni una comida formal, es un intermedio deliciosamente lento.<\/p>\n\n<p>Los brunchs a domicilio que preparo suelen incluir:<\/p>\n\n<ul class=\"wp-block-list\">\n<li><em>Platos calientes y fr\u00edos que se reparten a lo largo de la ma\u00f1ana.<\/em><\/li>\n\n<li><em>Opciones m\u00e1s ligeras combinadas con otras m\u00e1s golosas.<\/em><\/li>\n\n<li><em>Preparaciones pensadas para compartir, picar, repetir.<\/em><\/li>\n<\/ul>\n\n<p>Es el servicio perfecto para celebraciones peque\u00f1as, cumplea\u00f1os, reuniones entre amigos, ma\u00f1anas de domingo en las que nadie quiere mirar el reloj. Dentro de la <strong>comida a domicilio en Palma de Mallorca<\/strong>, el brunch es ese formato que te permite disfrutar sin prisas, con el est\u00f3mago contento y el coraz\u00f3n un poco m\u00e1s ligero.<\/p>\n<hr class=\"wp-block-separator has-text-color has-alpha-channel-opacity has-background is-style-default\" style=\"background-color: #ce6200; color: #ce6200;\" \/>\n<h2 class=\"wp-block-heading\">\u00bfPara qui\u00e9n es este servicio de comida a domicilio en Palma de Mallorca?<\/h2>\n\n<p>Con el tiempo he descubierto que no hay un \u00fanico perfil de persona para esta experiencia. Cocino para:<\/p>\n\n<ul class=\"wp-block-list\">\n<li><em>Parejas que quieren celebrar algo \u00edntimo sin ir a un restaurante.<\/em><\/li>\n\n<li><em>Familias que desean disfrutar de una comida especial sin el estr\u00e9s de cocinar.<\/em><\/li>\n\n<li><em>Grupos de amigos que convierten la casa en el mejor local de la ciudad.<\/em><\/li>\n\n<li><em>Personas que viven aqu\u00ed todo el a\u00f1o y tambi\u00e9n para quienes vienen de vacaciones con ganas de sacarle partido a su alojamiento.<\/em><\/li>\n<\/ul>\n\n<p>Lo que tienen en com\u00fan es que valoran la gastronom\u00eda como algo m\u00e1s que alimentarse. Entienden que sentarse a la mesa es un acto de cuidado y celebraci\u00f3n. Y que, cuando un chef privado entra en su cocina, no viene solo a \u201chacer comida\u201d: viene a cocinar un momento concreto de sus vidas.<\/p>\n<hr class=\"wp-block-separator has-text-color has-alpha-channel-opacity has-background is-style-dots\" style=\"background-color: #ce6200; color: #ce6200;\" \/>\n<h3 class=\"wp-block-heading\">El producto local: la despensa que da sentido a todo<\/h3>\n\n<p>No podr\u00eda hablar de <strong>comida a domicilio <\/strong><a href=\"https:\/\/viajes.nationalgeographic.com.es\/a\/todo-que-hay-que-ver-mallorca-isla-que-es-pura-monumentalidad_20141\" target=\"_blank\" rel=\"noreferrer noopener\">en Palma de Mallorca sin hablar de la isla en s\u00ed<\/a>. Mallorca es una despensa privilegiada: verduras frescas, frutas con sabor real, pescados que llegan casi directamente del mar, aceites, panes, quesos, embutidos\u2026<\/p>\n\n<p>Siempre que puedo, trabajo con producto local. No por moda, sino por l\u00f3gica culinaria: cuando el producto est\u00e1 cerca, est\u00e1 m\u00e1s vivo. Adem\u00e1s, me gusta que cada men\u00fa tenga un peque\u00f1o gui\u00f1o a la tierra, que al comer un bocado pod\u00e1is reconocer algo de Mallorca en \u00e9l, aunque juguemos con t\u00e9cnicas o influencias de otras cocinas.<\/p>\n\n<p>De alg\u00fan modo, cada servicio es un di\u00e1logo entre vuestra historia y la del lugar donde vivimos. Yo solo soy el int\u00e9rprete que las mezcla en el plato.<\/p>\n<hr class=\"wp-block-separator has-text-color has-alpha-channel-opacity has-background is-style-dots\" style=\"background-color: #ce6200; color: #ce6200;\" \/>\n<h3 class=\"wp-block-heading\">Lo que te llevas m\u00e1s all\u00e1 del plato<\/h3>\n\n<p>Cuando recojo mis cosas, limpio la cocina y cierro la puerta tras un servicio de <strong>comida a domicilio en Palma de Mallorca<\/strong>, s\u00e9 que lo verdaderamente importante no se queda en los platos que han salido. Lo que permanece son:<\/p>\n\n<ul class=\"wp-block-list\">\n<li><em>Las conversaciones que hab\u00e9is tenido alrededor de la mesa.<\/em><\/li>\n\n<li><em>Las risas que han acompa\u00f1ado a cada brindis.<\/em><\/li>\n\n<li><em>La sorpresa de probar algo nuevo y que te guste.<\/em><\/li>\n\n<li><em>La tranquilidad de haber disfrutado sin preocuparte por compras, cocciones, tiempos ni recogidas.<\/em><\/li>\n<\/ul>\n\n<p>Si algo busco con este trabajo es que, al d\u00eda siguiente, cuando pases por la cocina, sientas que ah\u00ed ha pasado algo especial. Tal vez quede el eco de un aroma, una copa mal colocada, una servilleta doblada a medias\u2026 peque\u00f1as migas de una experiencia que ya forma parte de vuestro recuerdo.<\/p>\n<hr class=\"wp-block-separator has-text-color has-alpha-channel-opacity has-background is-style-default\" style=\"background-color: #ce6200; color: #ce6200;\" \/>\n<h2 class=\"wp-block-heading has-text-align-center\">Conclusi\u00f3n: tu casa, tu mesa, tu experiencia<\/h2>\n\n<p>Entiendo la <strong>comida a domicilio en Palma de Mallorca<\/strong> como un guiso que se hace a fuego lento: empieza mucho antes de encender el fuego y termina mucho despu\u00e9s de apagarlo. Empieza en la conversaci\u00f3n, pasa por el dise\u00f1o del men\u00fa, contin\u00faa entre cazuelas y sartenes y termina, de verdad, cuando vosotros record\u00e1is ese momento d\u00edas despu\u00e9s con una sonrisa.<\/p>\n\n<p>Como chef privado, mi misi\u00f3n es sencilla y ambiciosa a la vez: que tu hogar se convierta, por unas horas, en el mejor restaurante de tu vida. Que tu mesa sea el escenario de una experiencia gastron\u00f3mica honesta, sabrosa y hecha a tu medida. Y que, cuando pienses en comida a domicilio, ya no imagines solo cajas y prisas, sino platos cuidados, tiempos respetados y una historia cocinada, literalmente, para ti.<\/p>\n\n<figure class=\"wp-block-image alignright size-full is-resized\"><img loading=\"lazy\" decoding=\"async\" width=\"928\" height=\"571\" class=\"wp-image-2658\" style=\"width: 230px; height: auto;\" src=\"https:\/\/somoscanayas.com\/wp-content\/uploads\/2024\/01\/Logo-Canayas-Negativo-e1706182518521.png\" alt=\"Logo Canayas Negativo\" srcset=\"https:\/\/somoscanayas.com\/wp-content\/uploads\/2024\/01\/Logo-Canayas-Negativo-e1706182518521.png 928w, https:\/\/somoscanayas.com\/wp-content\/uploads\/2024\/01\/Logo-Canayas-Negativo-e1706182518521-300x185.png 300w, https:\/\/somoscanayas.com\/wp-content\/uploads\/2024\/01\/Logo-Canayas-Negativo-e1706182518521-768x473.png 768w, https:\/\/somoscanayas.com\/wp-content\/uploads\/2024\/01\/Logo-Canayas-Negativo-e1706182518521-18x12.png 18w, https:\/\/somoscanayas.com\/wp-content\/uploads\/2024\/01\/Logo-Canayas-Negativo-e1706182518521-600x369.png 600w, https:\/\/somoscanayas.com\/wp-content\/uploads\/2024\/01\/Logo-Canayas-Negativo-e1706182518521-224x138.png 224w\" sizes=\"(max-width: 928px) 100vw, 928px\" \/><\/figure>\n\n<div class=\"wp-block-buttons is-content-justification-center is-layout-flex wp-container-core-buttons-is-layout-a89b3969 wp-block-buttons-is-layout-flex\">\n<div class=\"wp-block-button\"><a class=\"wp-block-button__link wp-element-button\">CONTACT<\/a><\/div>\n<\/div>\n\n<p>\u00a0<\/p>\n\t\t\t\t\t\t\t\t<\/div>\n\t\t\t\t<\/div>\n\t\t\t\t\t<\/div>\n\t\t<\/div>\n\t\t\t\t\t<\/div>\n\t\t<\/section>\n\t\t\t\t<\/div>","protected":false},"excerpt":{"rendered":"<p>Comida a domicilio en Palma de Mallorca | Chef privado Si te digo \u201ccomida a domicilio\u201d, probablemente pienses en cajas de cart\u00f3n, bolsas t\u00e9rmicas y motos apuradas. Pero si te hablo de comida a domicilio en Palma de Mallorca desde la mirada de un chef privado, el escenario cambia por completo: tu casa se convierte [&hellip;]<\/p>\n","protected":false},"author":1,"featured_media":3180,"comment_status":"closed","ping_status":"closed","sticky":false,"template":"","format":"standard","meta":{"site-sidebar-layout":"default","site-content-layout":"","ast-site-content-layout":"default","site-content-style":"default","site-sidebar-style":"default","ast-global-header-display":"","ast-banner-title-visibility":"","ast-main-header-display":"","ast-hfb-above-header-display":"","ast-hfb-below-header-display":"","ast-hfb-mobile-header-display":"","site-post-title":"","ast-breadcrumbs-content":"","ast-featured-img":"","footer-sml-layout":"","ast-disable-related-posts":"","theme-transparent-header-meta":"","adv-header-id-meta":"","stick-header-meta":"","header-above-stick-meta":"","header-main-stick-meta":"","header-below-stick-meta":"","astra-migrate-meta-layouts":"set","ast-page-background-enabled":"default","ast-page-background-meta":{"desktop":{"background-color":"","background-image":"","background-repeat":"repeat","background-position":"center center","background-size":"auto","background-attachment":"scroll","background-type":"","background-media":"","overlay-type":"","overlay-color":"","overlay-opacity":"","overlay-gradient":""},"tablet":{"background-color":"","background-image":"","background-repeat":"repeat","background-position":"center center","background-size":"auto","background-attachment":"scroll","background-type":"","background-media":"","overlay-type":"","overlay-color":"","overlay-opacity":"","overlay-gradient":""},"mobile":{"background-color":"","background-image":"","background-repeat":"repeat","background-position":"center center","background-size":"auto","background-attachment":"scroll","background-type":"","background-media":"","overlay-type":"","overlay-color":"","overlay-opacity":"","overlay-gradient":""}},"ast-content-background-meta":{"desktop":{"background-color":"var(--ast-global-color-5)","background-image":"","background-repeat":"repeat","background-position":"center center","background-size":"auto","background-attachment":"scroll","background-type":"","background-media":"","overlay-type":"","overlay-color":"","overlay-opacity":"","overlay-gradient":""},"tablet":{"background-color":"var(--ast-global-color-5)","background-image":"","background-repeat":"repeat","background-position":"center center","background-size":"auto","background-attachment":"scroll","background-type":"","background-media":"","overlay-type":"","overlay-color":"","overlay-opacity":"","overlay-gradient":""},"mobile":{"background-color":"var(--ast-global-color-5)","background-image":"","background-repeat":"repeat","background-position":"center center","background-size":"auto","background-attachment":"scroll","background-type":"","background-media":"","overlay-type":"","overlay-color":"","overlay-opacity":"","overlay-gradient":""}},"footnotes":""},"categories":[39],"tags":[49,37,48,50,51],"class_list":["post-4397","post","type-post","status-publish","format-standard","has-post-thumbnail","hentry","category-blog","tag-cenas-a-domicilio-mallorca","tag-chef-privado-mallorca","tag-comida-a-domicilio-en-palma-de-mallorca","tag-desayunos-y-brunchs-mallorca","tag-experiencia-gastronomica-en-casa"],"yoast_head":"<!-- This site is optimized with the Yoast SEO plugin v27.4 - https:\/\/yoast.com\/product\/yoast-seo-wordpress\/ -->\n<title>Comida a domicilio en Palma de Mallorca | Chef privado<\/title>\n<meta name=\"description\" content=\"Comida a domicilio en Palma de Mallorca con chef privado: men\u00fas a medida, producto local y experiencias gastron\u00f3micas en tu propia casa.\" \/>\n<meta name=\"robots\" content=\"index, follow, max-snippet:-1, max-image-preview:large, max-video-preview:-1\" \/>\n<link rel=\"canonical\" href=\"https:\/\/somoscanayas.com\/en\/comida-a-domicilio-en-palma-de-mallorca-chef-privado\/\" \/>\n<meta property=\"og:locale\" content=\"en_GB\" \/>\n<meta property=\"og:type\" content=\"article\" \/>\n<meta property=\"og:title\" content=\"Comida a domicilio en Palma de Mallorca | Chef privado\" \/>\n<meta property=\"og:description\" content=\"Comida a domicilio en Palma de Mallorca con chef privado: men\u00fas a medida, producto local y experiencias gastron\u00f3micas en tu propia casa.\" \/>\n<meta property=\"og:url\" content=\"https:\/\/somoscanayas.com\/en\/comida-a-domicilio-en-palma-de-mallorca-chef-privado\/\" \/>\n<meta property=\"og:site_name\" content=\"Canayas by Chef Jarauta\" \/>\n<meta property=\"article:published_time\" content=\"2026-01-14T17:20:50+00:00\" \/>\n<meta property=\"article:modified_time\" content=\"2026-02-12T13:06:42+00:00\" \/>\n<meta property=\"og:image\" content=\"https:\/\/somoscanayas.com\/wp-content\/uploads\/2024\/04\/solomillo-de-cerdo-con-brotes.jpg\" \/>\n\t<meta property=\"og:image:width\" content=\"1250\" \/>\n\t<meta property=\"og:image:height\" content=\"881\" \/>\n\t<meta property=\"og:image:type\" content=\"image\/jpeg\" \/>\n<meta name=\"author\" content=\"admin\" \/>\n<meta name=\"twitter:card\" content=\"summary_large_image\" \/>\n<meta name=\"twitter:label1\" content=\"Written by\" \/>\n\t<meta name=\"twitter:data1\" content=\"admin\" \/>\n\t<meta name=\"twitter:label2\" content=\"Estimated reading time\" \/>\n\t<meta name=\"twitter:data2\" content=\"10 minutes\" \/>\n<script type=\"application\/ld+json\" class=\"yoast-schema-graph\">{\"@context\":\"https:\\\/\\\/schema.org\",\"@graph\":[{\"@type\":\"Article\",\"@id\":\"https:\\\/\\\/somoscanayas.com\\\/comida-a-domicilio-en-palma-de-mallorca-chef-privado\\\/#article\",\"isPartOf\":{\"@id\":\"https:\\\/\\\/somoscanayas.com\\\/comida-a-domicilio-en-palma-de-mallorca-chef-privado\\\/\"},\"author\":{\"name\":\"admin\",\"@id\":\"https:\\\/\\\/somoscanayas.com\\\/#\\\/schema\\\/person\\\/4103724c64f4fdacdc29a0886aec47bb\"},\"headline\":\"Comida a domicilio en Palma de Mallorca | Chef privado\",\"datePublished\":\"2026-01-14T17:20:50+00:00\",\"dateModified\":\"2026-02-12T13:06:42+00:00\",\"mainEntityOfPage\":{\"@id\":\"https:\\\/\\\/somoscanayas.com\\\/comida-a-domicilio-en-palma-de-mallorca-chef-privado\\\/\"},\"wordCount\":2048,\"publisher\":{\"@id\":\"https:\\\/\\\/somoscanayas.com\\\/#organization\"},\"image\":{\"@id\":\"https:\\\/\\\/somoscanayas.com\\\/comida-a-domicilio-en-palma-de-mallorca-chef-privado\\\/#primaryimage\"},\"thumbnailUrl\":\"https:\\\/\\\/somoscanayas.com\\\/wp-content\\\/uploads\\\/2024\\\/04\\\/solomillo-de-cerdo-con-brotes.jpg\",\"keywords\":[\"cenas a domicilio Mallorca\",\"chef privado Mallorca\",\"Comida a domicilio en Palma de Mallorca\",\"desayunos y brunchs Mallorca\",\"experiencia gastron\u00f3mica en casa\"],\"articleSection\":[\"Blog\"],\"inLanguage\":\"en-GB\"},{\"@type\":\"WebPage\",\"@id\":\"https:\\\/\\\/somoscanayas.com\\\/comida-a-domicilio-en-palma-de-mallorca-chef-privado\\\/\",\"url\":\"https:\\\/\\\/somoscanayas.com\\\/comida-a-domicilio-en-palma-de-mallorca-chef-privado\\\/\",\"name\":\"Comida a domicilio en Palma de Mallorca | Chef privado\",\"isPartOf\":{\"@id\":\"https:\\\/\\\/somoscanayas.com\\\/#website\"},\"primaryImageOfPage\":{\"@id\":\"https:\\\/\\\/somoscanayas.com\\\/comida-a-domicilio-en-palma-de-mallorca-chef-privado\\\/#primaryimage\"},\"image\":{\"@id\":\"https:\\\/\\\/somoscanayas.com\\\/comida-a-domicilio-en-palma-de-mallorca-chef-privado\\\/#primaryimage\"},\"thumbnailUrl\":\"https:\\\/\\\/somoscanayas.com\\\/wp-content\\\/uploads\\\/2024\\\/04\\\/solomillo-de-cerdo-con-brotes.jpg\",\"datePublished\":\"2026-01-14T17:20:50+00:00\",\"dateModified\":\"2026-02-12T13:06:42+00:00\",\"description\":\"Comida a domicilio en Palma de Mallorca con chef privado: men\u00fas a medida, producto local y experiencias gastron\u00f3micas en tu propia casa.\",\"breadcrumb\":{\"@id\":\"https:\\\/\\\/somoscanayas.com\\\/comida-a-domicilio-en-palma-de-mallorca-chef-privado\\\/#breadcrumb\"},\"inLanguage\":\"en-GB\",\"potentialAction\":[{\"@type\":\"ReadAction\",\"target\":[\"https:\\\/\\\/somoscanayas.com\\\/comida-a-domicilio-en-palma-de-mallorca-chef-privado\\\/\"]}]},{\"@type\":\"ImageObject\",\"inLanguage\":\"en-GB\",\"@id\":\"https:\\\/\\\/somoscanayas.com\\\/comida-a-domicilio-en-palma-de-mallorca-chef-privado\\\/#primaryimage\",\"url\":\"https:\\\/\\\/somoscanayas.com\\\/wp-content\\\/uploads\\\/2024\\\/04\\\/solomillo-de-cerdo-con-brotes.jpg\",\"contentUrl\":\"https:\\\/\\\/somoscanayas.com\\\/wp-content\\\/uploads\\\/2024\\\/04\\\/solomillo-de-cerdo-con-brotes.jpg\",\"width\":1250,\"height\":881,\"caption\":\"Comida a domicilio en Palma de Mallorca\"},{\"@type\":\"BreadcrumbList\",\"@id\":\"https:\\\/\\\/somoscanayas.com\\\/comida-a-domicilio-en-palma-de-mallorca-chef-privado\\\/#breadcrumb\",\"itemListElement\":[{\"@type\":\"ListItem\",\"position\":1,\"name\":\"Home\",\"item\":\"https:\\\/\\\/somoscanayas.com\\\/\"},{\"@type\":\"ListItem\",\"position\":2,\"name\":\"Comida a domicilio en Palma de Mallorca | Chef privado\"}]},{\"@type\":\"WebSite\",\"@id\":\"https:\\\/\\\/somoscanayas.com\\\/#website\",\"url\":\"https:\\\/\\\/somoscanayas.com\\\/\",\"name\":\"Canayas by Chef Jarauta\",\"description\":\"Chef privado para eventos y servicios a domicilio en Mallorca\",\"publisher\":{\"@id\":\"https:\\\/\\\/somoscanayas.com\\\/#organization\"},\"potentialAction\":[{\"@type\":\"SearchAction\",\"target\":{\"@type\":\"EntryPoint\",\"urlTemplate\":\"https:\\\/\\\/somoscanayas.com\\\/?s={search_term_string}\"},\"query-input\":{\"@type\":\"PropertyValueSpecification\",\"valueRequired\":true,\"valueName\":\"search_term_string\"}}],\"inLanguage\":\"en-GB\"},{\"@type\":\"Organization\",\"@id\":\"https:\\\/\\\/somoscanayas.com\\\/#organization\",\"name\":\"Canayas bu Chef Jarauta\",\"url\":\"https:\\\/\\\/somoscanayas.com\\\/\",\"logo\":{\"@type\":\"ImageObject\",\"inLanguage\":\"en-GB\",\"@id\":\"https:\\\/\\\/somoscanayas.com\\\/#\\\/schema\\\/logo\\\/image\\\/\",\"url\":\"https:\\\/\\\/somoscanayas.com\\\/wp-content\\\/uploads\\\/2023\\\/11\\\/Logo-3-Canayas-e1700135464851.png\",\"contentUrl\":\"https:\\\/\\\/somoscanayas.com\\\/wp-content\\\/uploads\\\/2023\\\/11\\\/Logo-3-Canayas-e1700135464851.png\",\"width\":1000,\"height\":348,\"caption\":\"Canayas bu Chef Jarauta\"},\"image\":{\"@id\":\"https:\\\/\\\/somoscanayas.com\\\/#\\\/schema\\\/logo\\\/image\\\/\"}},{\"@type\":\"Person\",\"@id\":\"https:\\\/\\\/somoscanayas.com\\\/#\\\/schema\\\/person\\\/4103724c64f4fdacdc29a0886aec47bb\",\"name\":\"admin\",\"sameAs\":[\"https:\\\/\\\/somoscanayas.com\"],\"url\":\"https:\\\/\\\/somoscanayas.com\\\/en\\\/author\\\/markstar\\\/\"}]}<\/script>\n<!-- \/ Yoast SEO plugin. -->","yoast_head_json":{"title":"Comida a domicilio en Palma de Mallorca | Chef privado","description":"Comida a domicilio en Palma de Mallorca con chef privado: men\u00fas a medida, producto local y experiencias gastron\u00f3micas en tu propia casa.","robots":{"index":"index","follow":"follow","max-snippet":"max-snippet:-1","max-image-preview":"max-image-preview:large","max-video-preview":"max-video-preview:-1"},"canonical":"https:\/\/somoscanayas.com\/en\/comida-a-domicilio-en-palma-de-mallorca-chef-privado\/","og_locale":"en_GB","og_type":"article","og_title":"Comida a domicilio en Palma de Mallorca | Chef privado","og_description":"Comida a domicilio en Palma de Mallorca con chef privado: men\u00fas a medida, producto local y experiencias gastron\u00f3micas en tu propia casa.","og_url":"https:\/\/somoscanayas.com\/en\/comida-a-domicilio-en-palma-de-mallorca-chef-privado\/","og_site_name":"Canayas by Chef Jarauta","article_published_time":"2026-01-14T17:20:50+00:00","article_modified_time":"2026-02-12T13:06:42+00:00","og_image":[{"width":1250,"height":881,"url":"https:\/\/somoscanayas.com\/wp-content\/uploads\/2024\/04\/solomillo-de-cerdo-con-brotes.jpg","type":"image\/jpeg"}],"author":"admin","twitter_card":"summary_large_image","twitter_misc":{"Written by":"admin","Estimated reading time":"10 minutes"},"schema":{"@context":"https:\/\/schema.org","@graph":[{"@type":"Article","@id":"https:\/\/somoscanayas.com\/comida-a-domicilio-en-palma-de-mallorca-chef-privado\/#article","isPartOf":{"@id":"https:\/\/somoscanayas.com\/comida-a-domicilio-en-palma-de-mallorca-chef-privado\/"},"author":{"name":"admin","@id":"https:\/\/somoscanayas.com\/#\/schema\/person\/4103724c64f4fdacdc29a0886aec47bb"},"headline":"Comida a domicilio en Palma de Mallorca | Chef privado","datePublished":"2026-01-14T17:20:50+00:00","dateModified":"2026-02-12T13:06:42+00:00","mainEntityOfPage":{"@id":"https:\/\/somoscanayas.com\/comida-a-domicilio-en-palma-de-mallorca-chef-privado\/"},"wordCount":2048,"publisher":{"@id":"https:\/\/somoscanayas.com\/#organization"},"image":{"@id":"https:\/\/somoscanayas.com\/comida-a-domicilio-en-palma-de-mallorca-chef-privado\/#primaryimage"},"thumbnailUrl":"https:\/\/somoscanayas.com\/wp-content\/uploads\/2024\/04\/solomillo-de-cerdo-con-brotes.jpg","keywords":["cenas a domicilio Mallorca","chef privado Mallorca","Comida a domicilio en Palma de Mallorca","desayunos y brunchs Mallorca","experiencia gastron\u00f3mica en casa"],"articleSection":["Blog"],"inLanguage":"en-GB"},{"@type":"WebPage","@id":"https:\/\/somoscanayas.com\/comida-a-domicilio-en-palma-de-mallorca-chef-privado\/","url":"https:\/\/somoscanayas.com\/comida-a-domicilio-en-palma-de-mallorca-chef-privado\/","name":"Comida a domicilio en Palma de Mallorca | Chef privado","isPartOf":{"@id":"https:\/\/somoscanayas.com\/#website"},"primaryImageOfPage":{"@id":"https:\/\/somoscanayas.com\/comida-a-domicilio-en-palma-de-mallorca-chef-privado\/#primaryimage"},"image":{"@id":"https:\/\/somoscanayas.com\/comida-a-domicilio-en-palma-de-mallorca-chef-privado\/#primaryimage"},"thumbnailUrl":"https:\/\/somoscanayas.com\/wp-content\/uploads\/2024\/04\/solomillo-de-cerdo-con-brotes.jpg","datePublished":"2026-01-14T17:20:50+00:00","dateModified":"2026-02-12T13:06:42+00:00","description":"Comida a domicilio en Palma de Mallorca con chef privado: men\u00fas a medida, producto local y experiencias gastron\u00f3micas en tu propia casa.","breadcrumb":{"@id":"https:\/\/somoscanayas.com\/comida-a-domicilio-en-palma-de-mallorca-chef-privado\/#breadcrumb"},"inLanguage":"en-GB","potentialAction":[{"@type":"ReadAction","target":["https:\/\/somoscanayas.com\/comida-a-domicilio-en-palma-de-mallorca-chef-privado\/"]}]},{"@type":"ImageObject","inLanguage":"en-GB","@id":"https:\/\/somoscanayas.com\/comida-a-domicilio-en-palma-de-mallorca-chef-privado\/#primaryimage","url":"https:\/\/somoscanayas.com\/wp-content\/uploads\/2024\/04\/solomillo-de-cerdo-con-brotes.jpg","contentUrl":"https:\/\/somoscanayas.com\/wp-content\/uploads\/2024\/04\/solomillo-de-cerdo-con-brotes.jpg","width":1250,"height":881,"caption":"Comida a domicilio en Palma de Mallorca"},{"@type":"BreadcrumbList","@id":"https:\/\/somoscanayas.com\/comida-a-domicilio-en-palma-de-mallorca-chef-privado\/#breadcrumb","itemListElement":[{"@type":"ListItem","position":1,"name":"Home","item":"https:\/\/somoscanayas.com\/"},{"@type":"ListItem","position":2,"name":"Comida a domicilio en Palma de Mallorca | Chef privado"}]},{"@type":"WebSite","@id":"https:\/\/somoscanayas.com\/#website","url":"https:\/\/somoscanayas.com\/","name":"Canayas by Chef Jarauta","description":"Private chef for events and home services in Mallorca","publisher":{"@id":"https:\/\/somoscanayas.com\/#organization"},"potentialAction":[{"@type":"SearchAction","target":{"@type":"EntryPoint","urlTemplate":"https:\/\/somoscanayas.com\/?s={search_term_string}"},"query-input":{"@type":"PropertyValueSpecification","valueRequired":true,"valueName":"search_term_string"}}],"inLanguage":"en-GB"},{"@type":"Organization","@id":"https:\/\/somoscanayas.com\/#organization","name":"Canayas bu Chef Jarauta","url":"https:\/\/somoscanayas.com\/","logo":{"@type":"ImageObject","inLanguage":"en-GB","@id":"https:\/\/somoscanayas.com\/#\/schema\/logo\/image\/","url":"https:\/\/somoscanayas.com\/wp-content\/uploads\/2023\/11\/Logo-3-Canayas-e1700135464851.png","contentUrl":"https:\/\/somoscanayas.com\/wp-content\/uploads\/2023\/11\/Logo-3-Canayas-e1700135464851.png","width":1000,"height":348,"caption":"Canayas bu Chef Jarauta"},"image":{"@id":"https:\/\/somoscanayas.com\/#\/schema\/logo\/image\/"}},{"@type":"Person","@id":"https:\/\/somoscanayas.com\/#\/schema\/person\/4103724c64f4fdacdc29a0886aec47bb","name":"admin","sameAs":["https:\/\/somoscanayas.com"],"url":"https:\/\/somoscanayas.com\/en\/author\/markstar\/"}]}},"_links":{"self":[{"href":"https:\/\/somoscanayas.com\/en\/wp-json\/wp\/v2\/posts\/4397","targetHints":{"allow":["GET"]}}],"collection":[{"href":"https:\/\/somoscanayas.com\/en\/wp-json\/wp\/v2\/posts"}],"about":[{"href":"https:\/\/somoscanayas.com\/en\/wp-json\/wp\/v2\/types\/post"}],"author":[{"embeddable":true,"href":"https:\/\/somoscanayas.com\/en\/wp-json\/wp\/v2\/users\/1"}],"replies":[{"embeddable":true,"href":"https:\/\/somoscanayas.com\/en\/wp-json\/wp\/v2\/comments?post=4397"}],"version-history":[{"count":27,"href":"https:\/\/somoscanayas.com\/en\/wp-json\/wp\/v2\/posts\/4397\/revisions"}],"predecessor-version":[{"id":4825,"href":"https:\/\/somoscanayas.com\/en\/wp-json\/wp\/v2\/posts\/4397\/revisions\/4825"}],"wp:featuredmedia":[{"embeddable":true,"href":"https:\/\/somoscanayas.com\/en\/wp-json\/wp\/v2\/media\/3180"}],"wp:attachment":[{"href":"https:\/\/somoscanayas.com\/en\/wp-json\/wp\/v2\/media?parent=4397"}],"wp:term":[{"taxonomy":"category","embeddable":true,"href":"https:\/\/somoscanayas.com\/en\/wp-json\/wp\/v2\/categories?post=4397"},{"taxonomy":"post_tag","embeddable":true,"href":"https:\/\/somoscanayas.com\/en\/wp-json\/wp\/v2\/tags?post=4397"}],"curies":[{"name":"wp","href":"https:\/\/api.w.org\/{rel}","templated":true}]}}